{"id":1038,"date":"2024-11-13T15:40:01","date_gmt":"2024-11-13T15:40:01","guid":{"rendered":"https:\/\/agensium.com\/?p=1038"},"modified":"2024-12-13T15:46:34","modified_gmt":"2024-12-13T15:46:34","slug":"winter-resorts-in-austria-and-switzerland-to-the-mountain-peaks","status":"publish","type":"post","link":"https:\/\/swiss-trip.ch\/de\/winter-resorts-in-austria-and-switzerland-to-the-mountain-peaks\/","title":{"rendered":"Winterresorts in \u00d6sterreich und der Schweiz. Zu den Berggipfeln."},"content":{"rendered":"<p>[et_pb_section fb_built=&#8221;1&#8243; _builder_version=&#8221;4.27.2&#8243; _module_preset=&#8221;default&#8221; custom_padding=&#8221;|15px|0px|15px|false|true&#8221; global_colors_info=&#8221;{}&#8221;][et_pb_row _builder_version=&#8221;4.27.2&#8243; _module_preset=&#8221;default&#8221; width=&#8221;100%&#8221; max_width=&#8221;2560px&#8221; global_colors_info=&#8221;{}&#8221;][et_pb_column type=&#8221;4_4&#8243; _builder_version=&#8221;4.27.2&#8243; _module_preset=&#8221;default&#8221; global_colors_info=&#8221;{}&#8221;][et_pb_heading title=&#8221;Winter resorts in Austria and Switzerland. To the mountain peaks.&#8221; _builder_version=&#8221;4.27.2&#8243; _module_preset=&#8221;default&#8221; title_font=&#8221;|700|||||||&#8221; global_colors_info=&#8221;{}&#8221;][\/et_pb_heading][\/et_pb_column][\/et_pb_row][et_pb_row column_structure=&#8221;1_2,1_2&#8243; use_custom_gutter=&#8221;on&#8221; gutter_width=&#8221;1&#8243; _builder_version=&#8221;4.27.2&#8243; _module_preset=&#8221;default&#8221; width=&#8221;100%&#8221; max_width=&#8221;2560px&#8221; global_colors_info=&#8221;{}&#8221;][et_pb_column type=&#8221;1_2&#8243; _builder_version=&#8221;4.27.2&#8243; _module_preset=&#8221;default&#8221; global_colors_info=&#8221;{}&#8221;][et_pb_text _builder_version=&#8221;4.27.2&#8243; _module_preset=&#8221;default&#8221; global_colors_info=&#8221;{}&#8221;]<\/p>\n<p>Der Winterurlaub in europ\u00e4ischen Skigebieten ist nicht nur bei russischen Touristen beliebt, sondern zieht Menschen aus der ganzen Welt in die schneebedeckten Berge.<\/p>\n<p>Wo machen russische Touristen am h\u00e4ufigsten Halt, wenn sie nach \u00d6sterreich oder in die Schweiz kommen?<\/p>\n<p>&nbsp;<\/p>\n<h3>Mayrhofen.<\/h3>\n<p>Dieser malerische Ort ist die Skihauptstadt \u00d6sterreichs. Er eignet sich sowohl f\u00fcr erfahrene Skifahrer als auch f\u00fcr diejenigen, die diesen Sport zum ersten Mal ausprobieren. Aufgrund der fr\u00f6hlichen Atmosph\u00e4re und der niedrigen Preise sind hier immer viele junge Leute anzutreffen. Speziell f\u00fcr sie gibt es jeden Abend Diskotheken, in denen man direkt in den Skischuhen tanzt. Au\u00dferdem entspringt hier der ber\u00fchmte Tuxer Gletscher, der auch im hei\u00dfesten Sommer seine schneewei\u00dfe Decke beh\u00e4lt. Und f\u00fcr diejenigen, die nicht so gut in Fremdsprachen sind, ist Mayrhofen genau der richtige Ort. Hier gibt es nicht nur einen extrem hohen Anteil an russischen Touristen, sondern die meisten Mitarbeiter sprechen auch hervorragend Russisch.<\/p>\n<p>&nbsp;<\/p>\n<h3>S\u00f6lden<\/h3>\n<p>Dieser \u00f6sterreichische Ferienort ist eine Autostunde von der ber\u00fchmten Stadt Innsbruck entfernt. Es gibt auch viele russische Touristen, und selbst die Speisekarten in kleinen Restaurants sind manchmal auf Russisch. Die Pisten, die sich wie \u00fcberall in \u00d6sterreich in einem ausgezeichneten Zustand befinden, sind fast 150 Kilometer lang. Doch neben dem Skifahren werden hier auch erstklassige Bedingungen f\u00fcr das Snowboarden geboten. Tats\u00e4chlich \u00fcbersteigt in letzter Zeit die Zahl der Snowboarder in S\u00f6lden sogar die der Skifahrer.<\/p>\n<p class=\"translation-block\"><span>Damit Sie schneller zu den \u00f6sterreichischen Skiresorts gelangen, buchen Sie unseren <\/span><a href=\"https:\/\/swtrip.ch\/\" target=\"_self\">VIP-Transfer<\/a><span> von den Flugh\u00e4fen M\u00fcnchen oder Innsbruck.<\/span><\/p>\n<p>[\/et_pb_text][\/et_pb_column][et_pb_column type=&#8221;1_2&#8243; _builder_version=&#8221;4.27.2&#8243; _module_preset=&#8221;default&#8221; global_colors_info=&#8221;{}&#8221;][et_pb_image src=&#8221;https:\/\/agensium.com\/wp-content\/uploads\/2024\/11\/a45234c328efd5966324d247cd7f9ff1-1-jpg.avif&#8221; title_text=&#8221;a45234c328efd5966324d247cd7f9ff1 (1)&#8221; show_bottom_space=&#8221;off&#8221; align=&#8221;right&#8221; _builder_version=&#8221;4.27.2&#8243; _module_preset=&#8221;default&#8221; global_colors_info=&#8221;{}&#8221;][\/et_pb_image][\/et_pb_column][\/et_pb_row][et_pb_row _builder_version=&#8221;4.27.2&#8243; _module_preset=&#8221;default&#8221; width=&#8221;100%&#8221; max_width=&#8221;2560px&#8221; custom_padding=&#8221;0px|||||&#8221; global_colors_info=&#8221;{}&#8221;][et_pb_column type=&#8221;4_4&#8243; _builder_version=&#8221;4.27.2&#8243; _module_preset=&#8221;default&#8221; global_colors_info=&#8221;{}&#8221;][et_pb_text _builder_version=&#8221;4.27.2&#8243; _module_preset=&#8221;default&#8221; hover_enabled=&#8221;0&#8243; global_colors_info=&#8221;{}&#8221; sticky_enabled=&#8221;0&#8243;]<\/p>\n<h3>Zermatt<\/h3>\n<p>Der s\u00fcdlichste Ferienort der Schweizerischen Eidgenossenschaft. Am bekanntesten ist er jedoch f\u00fcr den Gipfel des Matterhorns. Dieser Gipfel ist einer der h\u00f6chsten auf dem europ\u00e4ischen Kontinent. Viele Jahre lang war er f\u00fcr Menschen unzug\u00e4nglich. Erst im Jahr 1865 gelang es einer Gruppe englischer Bergsteiger, den Gipfel zu erklimmen. Bei dieser Expedition kamen vier Menschen ums Leben. Gl\u00fccklicherweise ist der Fu\u00df dieses Gipfels heute dank des technischen Fortschritts weniger gef\u00e4hrlich. Jeden Winter wird Zermatt von Fans des Skifahrens, des Fotografierens im Winter und des aktiven Zeitvertreibs eingenommen. Die gem\u00fctliche Atmosph\u00e4re dieses Ortes wird durch die Tatsache unterst\u00fctzt, dass die Einfahrt nach Zermatt f\u00fcr Fahrzeuge verboten ist. Sie k\u00f6nnen nur mit dem Zug anreisen. F\u00fcr Romantiker gibt es jedoch eine besondere M\u00f6glichkeit. F\u00fcr nur etwa 50 Euro k\u00f6nnen Sie mit einem Hunde- oder Pferdeschlitten fahren.<\/p>\n<p>&nbsp;<\/p>\n<h3>Saint-Moritz<\/h3>\n<p class=\"translation-block\">Eines der gr\u00f6\u00dften Skigebiete der Schweiz. Es handelt sich nicht um ein kleines, abgelegenes Bergdorf, sondern um eine moderne Stadt mit 6.000 Einwohnern. Im Mittelalter war St. Moritz eine gro\u00dfe Abtei, daher wirkt die Landschaft heute besonders malerisch. Katholische Kl\u00f6ster vor schneewei\u00dfen Bergen. Doch im 21. Jahrhundert denken die Menschen weniger an Kl\u00f6ster als an Berge. Heute ist St. Moritz ein Treffpunkt f\u00fcr wohlhabende Pers\u00f6nlichkeiten. Die Zahl der Milliard\u00e4re mit Skiern ist hier immer au\u00dfergew\u00f6hnlich hoch. Nicht jeder kann sich diesen teuren Ort leisten, aber wer es schafft, ein Ticket hierher zu kaufen, wird mit Sicherheit einem einflussreichen Mann aus der Forbes-Liste begegnen. Das Skigebiet St. Moritz besteht aus f\u00fcnf gro\u00dfartigen Skigebieten verschiedener Preiskategorien, die durch einen einheitlichen Skipass verbunden sind. Der hohe Standard dieser Schweizer Stadt wird durch die Tatsache unterstrichen, dass sie zweimal Austragungsort der Olympischen Winterspiele war \u2013 1928 und 1948. Es wird wesentlich komfortabler, die Schweizer Skigebiete zu erreichen, wenn Sie unseren<span>\u00a0<\/span><a href=\"https:\/\/swtrip.ch\/en\" target=\"_self\">VIP-Transfer von den Flugh\u00e4fen<\/a><span>\u00a0<\/span>Genf oder Z\u00fcrich buchen.<\/p>\n<p>[\/et_pb_text][\/et_pb_column][\/et_pb_row][\/et_pb_section][et_pb_section fb_built=&#8221;1&#8243; _builder_version=&#8221;4.27.2&#8243; _module_preset=&#8221;default&#8221; background_image=&#8221;https:\/\/agensium.com\/wp-content\/uploads\/2024\/11\/autobig-png.avif&#8221; background_size=&#8221;contain&#8221; background_position=&#8221;bottom_right&#8221; background_horizontal_offset=&#8221;-250px&#8221; custom_padding=&#8221;|0px||0px|false|true&#8221; global_colors_info=&#8221;{}&#8221;][et_pb_row column_structure=&#8221;1_3,2_3&#8243; use_custom_gutter=&#8221;on&#8221; gutter_width=&#8221;1&#8243; _builder_version=&#8221;4.27.2&#8243; _module_preset=&#8221;default&#8221; background_color=&#8221;#f7f7f7&#8243; width=&#8221;100%&#8221; custom_padding=&#8221;||||false|false&#8221; global_colors_info=&#8221;{}&#8221;][et_pb_column type=&#8221;1_3&#8243; _builder_version=&#8221;4.27.2&#8243; _module_preset=&#8221;default&#8221; global_colors_info=&#8221;{}&#8221;][et_pb_image src=&#8221;https:\/\/agensium.com\/wp-content\/uploads\/2024\/11\/manager-png.avif&#8221; title_text=&#8221;manager&#8221; align_tablet=&#8221;&#8221; align_phone=&#8221;center&#8221; align_last_edited=&#8221;on|phone&#8221; _builder_version=&#8221;4.27.2&#8243; _module_preset=&#8221;default&#8221; height=&#8221;350px&#8221; global_colors_info=&#8221;{}&#8221;][\/et_pb_image][\/et_pb_column][et_pb_column type=&#8221;2_3&#8243; _builder_version=&#8221;4.27.2&#8243; _module_preset=&#8221;default&#8221; custom_padding=&#8221;|150px|||false|false&#8221; custom_padding_tablet=&#8221;&#8221; custom_padding_phone=&#8221;|0px|||false|false&#8221; custom_padding_last_edited=&#8221;on|phone&#8221; global_colors_info=&#8221;{}&#8221;][et_pb_text _builder_version=&#8221;4.27.2&#8243; _module_preset=&#8221;default&#8221; text_font=&#8221;Poppins|700||on|||||&#8221; text_text_color=&#8221;#000000&#8243; text_font_size=&#8221;24px&#8221; header_text_align=&#8221;left&#8221; width=&#8221;95%&#8221; width_tablet=&#8221;&#8221; width_phone=&#8221;&#8221; width_last_edited=&#8221;on|phone&#8221; max_width=&#8221;100%&#8221; max_width_tablet=&#8221;&#8221; max_width_phone=&#8221;85%&#8221; max_width_last_edited=&#8221;on|desktop&#8221; module_alignment=&#8221;center&#8221; custom_padding=&#8221;||50px||false|false&#8221; custom_padding_tablet=&#8221;&#8221; custom_padding_phone=&#8221;25px||||false|false&#8221; custom_padding_last_edited=&#8221;on|phone&#8221; module_alignment_tablet=&#8221;&#8221; module_alignment_phone=&#8221;&#8221; module_alignment_last_edited=&#8221;on|phone&#8221; border_width_bottom=&#8221;1px&#8221; global_colors_info=&#8221;{}&#8221;]<\/p>\n<p style=\"text-align: center;\">Kontaktieren Sie unseren Unternehmensvertreter<\/p>\n<p>[\/et_pb_text][et_pb_text _builder_version=&#8221;4.27.2&#8243; _module_preset=&#8221;default&#8221; text_font=&#8221;Poppins|700||on|||||&#8221; text_text_color=&#8221;#000000&#8243; text_font_size=&#8221;24px&#8221; width=&#8221;100%&#8221; module_alignment=&#8221;center&#8221; custom_margin=&#8221;||||false|false&#8221; custom_padding=&#8221;75px||||false|false&#8221; custom_padding_tablet=&#8221;&#8221; custom_padding_phone=&#8221;25px||||false|false&#8221; custom_padding_last_edited=&#8221;on|phone&#8221; text_orientation_tablet=&#8221;&#8221; text_orientation_phone=&#8221;center&#8221; text_orientation_last_edited=&#8221;on|phone&#8221; global_colors_info=&#8221;{}&#8221;]<\/p>\n<p><span>Elena Mislitchi<\/span><\/p>\n<p>[\/et_pb_text][et_pb_text _builder_version=&#8221;4.27.2&#8243; _module_preset=&#8221;default&#8221; text_font=&#8221;Poppins|500||on|||||&#8221; text_text_color=&#8221;#000000&#8243; text_font_size=&#8221;18px&#8221; header_font=&#8221;||||||||&#8221; text_orientation=&#8221;right&#8221; width=&#8221;100%&#8221; module_alignment=&#8221;right&#8221; custom_padding=&#8221;25px||25px||false|false&#8221; text_orientation_tablet=&#8221;&#8221; text_orientation_phone=&#8221;center&#8221; text_orientation_last_edited=&#8221;on|phone&#8221; global_colors_info=&#8221;{}&#8221;]<\/p>\n<p><span>Oder schreiben Sie an den Messenger:<\/span><\/p>\n<p>[\/et_pb_text][et_pb_social_media_follow _builder_version=&#8221;4.27.2&#8243; _module_preset=&#8221;default&#8221; text_orientation=&#8221;right&#8221; width=&#8221;100%&#8221; text_orientation_tablet=&#8221;&#8221; text_orientation_phone=&#8221;center&#8221; text_orientation_last_edited=&#8221;on|phone&#8221; global_colors_info=&#8221;{}&#8221;][et_pb_social_media_follow_network social_network=&#8221;facebook&#8221; url=&#8221;https:\/\/www.facebook.com\/swiss.trip.7&#8243; _builder_version=&#8221;4.27.2&#8243; _module_preset=&#8221;default&#8221; background_color=&#8221;#3b5998&#8243; global_colors_info=&#8221;{}&#8221; follow_button=&#8221;off&#8221; url_new_window=&#8221;on&#8221;]facebook[\/et_pb_social_media_follow_network][et_pb_social_media_follow_network social_network=&#8221;whatsapp&#8221; url=&#8221;https:\/\/api.whatsapp.com\/send?phone=41799150230&#8243; _builder_version=&#8221;4.27.2&#8243; _module_preset=&#8221;default&#8221; background_color=&#8221;#25D366&#8243; global_colors_info=&#8221;{}&#8221; follow_button=&#8221;off&#8221; url_new_window=&#8221;on&#8221;]whatsapp[\/et_pb_social_media_follow_network][et_pb_social_media_follow_network social_network=&#8221;instagram&#8221; url=&#8221;https:\/\/www.instagram.com\/swisstrip_ch\/&#8221; _builder_version=&#8221;4.27.2&#8243; _module_preset=&#8221;default&#8221; background_color=&#8221;#ea2c59&#8243; global_colors_info=&#8221;{}&#8221; follow_button=&#8221;off&#8221; url_new_window=&#8221;on&#8221;]instagram[\/et_pb_social_media_follow_network][et_pb_social_media_follow_network social_network=&#8221;telegram&#8221; url=&#8221;https:\/\/t.me\/swtrip&#8221; _builder_version=&#8221;4.27.2&#8243; _module_preset=&#8221;default&#8221; background_color=&#8221;#179cde&#8221; global_colors_info=&#8221;{}&#8221; follow_button=&#8221;off&#8221; url_new_window=&#8221;on&#8221;]telegram[\/et_pb_social_media_follow_network][\/et_pb_social_media_follow][et_pb_button button_text=&#8221;Leave a message&#8221; button_alignment_tablet=&#8221;&#8221; button_alignment_phone=&#8221;center&#8221; button_alignment_last_edited=&#8221;on|phone&#8221; _builder_version=&#8221;4.27.2&#8243; _module_preset=&#8221;default&#8221; custom_button=&#8221;on&#8221; button_text_color=&#8221;#FFFFFF&#8221; button_bg_color=&#8221;#000000&#8243; button_border_radius=&#8221;9px&#8221; button_use_icon=&#8221;off&#8221; custom_margin=&#8221;15px||||false|false&#8221; global_colors_info=&#8221;{}&#8221;][\/et_pb_button][\/et_pb_column][\/et_pb_row][\/et_pb_section]<\/p>","protected":false},"excerpt":{"rendered":"<p>Winter holidays at European ski resorts is known for being popular not only among Russian tourists, but for attracting people from all over the world to the alpine snow-capped mountains. Where do Russian tourists stop most often when they come to Austria or Switzerland? &nbsp; Mayrhofen. This picturesque place is the ski capital of Austria. [&hellip;]<\/p>","protected":false},"author":1,"featured_media":1039,"comment_status":"open","ping_status":"closed","sticky":false,"template":"","format":"standard","meta":{"_et_pb_use_builder":"on","_et_pb_old_content":"","_et_gb_content_width":"2880","footnotes":""},"categories":[1],"tags":[],"class_list":["post-1038","post","type-post","status-publish","format-standard","has-post-thumbnail","hentry","category-blog"],"yoast_head":"<!-- This site is optimized with the Yoast SEO plugin v26.4 - https:\/\/yoast.com\/wordpress\/plugins\/seo\/ -->\n<title>Winter resorts in Austria and Switzerland. To the mountain peaks. - Swtrip<\/title>\n<meta name=\"robots\" content=\"index, follow, max-snippet:-1, max-image-preview:large, max-video-preview:-1\" \/>\n<link rel=\"canonical\" href=\"https:\/\/swiss-trip.ch\/de\/winter-resorts-in-austria-and-switzerland-to-the-mountain-peaks\/\" \/>\n<meta property=\"og:locale\" content=\"de_DE\" \/>\n<meta property=\"og:type\" content=\"article\" \/>\n<meta property=\"og:title\" content=\"Winter resorts in Austria and Switzerland. To the mountain peaks. - Swtrip\" \/>\n<meta property=\"og:description\" content=\"Winter holidays at European ski resorts is known for being popular not only among Russian tourists, but for attracting people from all over the world to the alpine snow-capped mountains. Where do Russian tourists stop most often when they come to Austria or Switzerland? &nbsp; Mayrhofen. This picturesque place is the ski capital of Austria. [&hellip;]\" \/>\n<meta property=\"og:url\" content=\"https:\/\/swiss-trip.ch\/de\/winter-resorts-in-austria-and-switzerland-to-the-mountain-peaks\/\" \/>\n<meta property=\"og:site_name\" content=\"Swtrip\" \/>\n<meta property=\"article:published_time\" content=\"2024-11-13T15:40:01+00:00\" \/>\n<meta property=\"article:modified_time\" content=\"2024-12-13T15:46:34+00:00\" \/>\n<meta property=\"og:image\" content=\"https:\/\/swiss-trip.ch\/wp-content\/uploads\/2024\/11\/a45234c328efd5966324d247cd7f9ff1-jpg.avif\" \/>\n\t<meta property=\"og:image:width\" content=\"717\" \/>\n\t<meta property=\"og:image:height\" content=\"478\" \/>\n\t<meta property=\"og:image:type\" content=\"image\/jpeg\" \/>\n<meta name=\"author\" content=\"webposeidon50\" \/>\n<meta name=\"twitter:card\" content=\"summary_large_image\" \/>\n<meta name=\"twitter:label1\" content=\"Geschrieben von\" \/>\n\t<meta name=\"twitter:data1\" content=\"webposeidon50\" \/>\n\t<meta name=\"twitter:label2\" content=\"Gesch\u00e4tzte Lesezeit\" \/>\n\t<meta name=\"twitter:data2\" content=\"7\u00a0Minuten\" \/>\n<script type=\"application\/ld+json\" class=\"yoast-schema-graph\">{\"@context\":\"https:\/\/schema.org\",\"@graph\":[{\"@type\":\"Article\",\"@id\":\"https:\/\/swiss-trip.ch\/winter-resorts-in-austria-and-switzerland-to-the-mountain-peaks\/#article\",\"isPartOf\":{\"@id\":\"https:\/\/swiss-trip.ch\/winter-resorts-in-austria-and-switzerland-to-the-mountain-peaks\/\"},\"author\":{\"name\":\"webposeidon50\",\"@id\":\"https:\/\/swiss-trip.ch\/en\/#\/schema\/person\/ddf8cc07848b04eb3803b76feb9bb6aa\"},\"headline\":\"Winter resorts in Austria and Switzerland. To the mountain peaks.\",\"datePublished\":\"2024-11-13T15:40:01+00:00\",\"dateModified\":\"2024-12-13T15:46:34+00:00\",\"mainEntityOfPage\":{\"@id\":\"https:\/\/swiss-trip.ch\/winter-resorts-in-austria-and-switzerland-to-the-mountain-peaks\/\"},\"wordCount\":1477,\"commentCount\":0,\"publisher\":{\"@id\":\"https:\/\/swiss-trip.ch\/en\/#organization\"},\"image\":{\"@id\":\"https:\/\/swiss-trip.ch\/winter-resorts-in-austria-and-switzerland-to-the-mountain-peaks\/#primaryimage\"},\"thumbnailUrl\":\"https:\/\/swiss-trip.ch\/wp-content\/uploads\/2024\/11\/a45234c328efd5966324d247cd7f9ff1-jpg.avif\",\"articleSection\":[\"Blog\"],\"inLanguage\":\"de-CH\",\"potentialAction\":[{\"@type\":\"CommentAction\",\"name\":\"Comment\",\"target\":[\"https:\/\/swiss-trip.ch\/winter-resorts-in-austria-and-switzerland-to-the-mountain-peaks\/#respond\"]}]},{\"@type\":\"WebPage\",\"@id\":\"https:\/\/swiss-trip.ch\/winter-resorts-in-austria-and-switzerland-to-the-mountain-peaks\/\",\"url\":\"https:\/\/swiss-trip.ch\/winter-resorts-in-austria-and-switzerland-to-the-mountain-peaks\/\",\"name\":\"Winter resorts in Austria and Switzerland. To the mountain peaks. - Swtrip\",\"isPartOf\":{\"@id\":\"https:\/\/swiss-trip.ch\/en\/#website\"},\"primaryImageOfPage\":{\"@id\":\"https:\/\/swiss-trip.ch\/winter-resorts-in-austria-and-switzerland-to-the-mountain-peaks\/#primaryimage\"},\"image\":{\"@id\":\"https:\/\/swiss-trip.ch\/winter-resorts-in-austria-and-switzerland-to-the-mountain-peaks\/#primaryimage\"},\"thumbnailUrl\":\"https:\/\/swiss-trip.ch\/wp-content\/uploads\/2024\/11\/a45234c328efd5966324d247cd7f9ff1-jpg.avif\",\"datePublished\":\"2024-11-13T15:40:01+00:00\",\"dateModified\":\"2024-12-13T15:46:34+00:00\",\"breadcrumb\":{\"@id\":\"https:\/\/swiss-trip.ch\/winter-resorts-in-austria-and-switzerland-to-the-mountain-peaks\/#breadcrumb\"},\"inLanguage\":\"de-CH\",\"potentialAction\":[{\"@type\":\"ReadAction\",\"target\":[\"https:\/\/swiss-trip.ch\/winter-resorts-in-austria-and-switzerland-to-the-mountain-peaks\/\"]}]},{\"@type\":\"ImageObject\",\"inLanguage\":\"de-CH\",\"@id\":\"https:\/\/swiss-trip.ch\/winter-resorts-in-austria-and-switzerland-to-the-mountain-peaks\/#primaryimage\",\"url\":\"https:\/\/swiss-trip.ch\/wp-content\/uploads\/2024\/11\/a45234c328efd5966324d247cd7f9ff1-jpg.avif\",\"contentUrl\":\"https:\/\/swiss-trip.ch\/wp-content\/uploads\/2024\/11\/a45234c328efd5966324d247cd7f9ff1-jpg.avif\",\"width\":717,\"height\":478},{\"@type\":\"BreadcrumbList\",\"@id\":\"https:\/\/swiss-trip.ch\/winter-resorts-in-austria-and-switzerland-to-the-mountain-peaks\/#breadcrumb\",\"itemListElement\":[{\"@type\":\"ListItem\",\"position\":1,\"name\":\"Home\",\"item\":\"https:\/\/swiss-trip.ch\/\"},{\"@type\":\"ListItem\",\"position\":2,\"name\":\"Winter resorts in Austria and Switzerland. To the mountain peaks.\"}]},{\"@type\":\"WebSite\",\"@id\":\"https:\/\/swiss-trip.ch\/en\/#website\",\"url\":\"https:\/\/swiss-trip.ch\/en\/\",\"name\":\"Swiss-Trip\",\"description\":\"\",\"publisher\":{\"@id\":\"https:\/\/swiss-trip.ch\/en\/#organization\"},\"potentialAction\":[{\"@type\":\"SearchAction\",\"target\":{\"@type\":\"EntryPoint\",\"urlTemplate\":\"https:\/\/swiss-trip.ch\/en\/?s={search_term_string}\"},\"query-input\":{\"@type\":\"PropertyValueSpecification\",\"valueRequired\":true,\"valueName\":\"search_term_string\"}}],\"inLanguage\":\"de-CH\"},{\"@type\":\"Organization\",\"@id\":\"https:\/\/swiss-trip.ch\/en\/#organization\",\"name\":\"Swiss-Trip\",\"url\":\"https:\/\/swiss-trip.ch\/en\/\",\"logo\":{\"@type\":\"ImageObject\",\"inLanguage\":\"de-CH\",\"@id\":\"https:\/\/swiss-trip.ch\/en\/#\/schema\/logo\/image\/\",\"url\":\"https:\/\/swiss-trip.ch\/wp-content\/uploads\/2024\/11\/cropped-logowhite.png\",\"contentUrl\":\"https:\/\/swiss-trip.ch\/wp-content\/uploads\/2024\/11\/cropped-logowhite.png\",\"width\":512,\"height\":512,\"caption\":\"Swiss-Trip\"},\"image\":{\"@id\":\"https:\/\/swiss-trip.ch\/en\/#\/schema\/logo\/image\/\"}},{\"@type\":\"Person\",\"@id\":\"https:\/\/swiss-trip.ch\/en\/#\/schema\/person\/ddf8cc07848b04eb3803b76feb9bb6aa\",\"name\":\"webposeidon50\",\"image\":{\"@type\":\"ImageObject\",\"inLanguage\":\"de-CH\",\"@id\":\"https:\/\/swiss-trip.ch\/en\/#\/schema\/person\/image\/\",\"url\":\"https:\/\/secure.gravatar.com\/avatar\/b9d28bfba9c74afc3b521e14f3b87ee72880f28ad64065c9e4da6dc0f53991a5?s=96&d=mm&r=g\",\"contentUrl\":\"https:\/\/secure.gravatar.com\/avatar\/b9d28bfba9c74afc3b521e14f3b87ee72880f28ad64065c9e4da6dc0f53991a5?s=96&d=mm&r=g\",\"caption\":\"webposeidon50\"},\"sameAs\":[\"https:\/\/agensium.com\"],\"url\":\"https:\/\/swiss-trip.ch\/de\/author\/webposeidon50\/\"}]}<\/script>\n<!-- \/ Yoast SEO plugin. -->","yoast_head_json":{"title":"Winter resorts in Austria and Switzerland. To the mountain peaks. - Swtrip","robots":{"index":"index","follow":"follow","max-snippet":"max-snippet:-1","max-image-preview":"max-image-preview:large","max-video-preview":"max-video-preview:-1"},"canonical":"https:\/\/swiss-trip.ch\/de\/winter-resorts-in-austria-and-switzerland-to-the-mountain-peaks\/","og_locale":"de_DE","og_type":"article","og_title":"Winter resorts in Austria and Switzerland. To the mountain peaks. - Swtrip","og_description":"Winter holidays at European ski resorts is known for being popular not only among Russian tourists, but for attracting people from all over the world to the alpine snow-capped mountains. Where do Russian tourists stop most often when they come to Austria or Switzerland? &nbsp; Mayrhofen. This picturesque place is the ski capital of Austria. [&hellip;]","og_url":"https:\/\/swiss-trip.ch\/de\/winter-resorts-in-austria-and-switzerland-to-the-mountain-peaks\/","og_site_name":"Swtrip","article_published_time":"2024-11-13T15:40:01+00:00","article_modified_time":"2024-12-13T15:46:34+00:00","og_image":[{"width":717,"height":478,"url":"https:\/\/swiss-trip.ch\/wp-content\/uploads\/2024\/11\/a45234c328efd5966324d247cd7f9ff1-jpg.avif","type":"image\/jpeg"}],"author":"webposeidon50","twitter_card":"summary_large_image","twitter_misc":{"Geschrieben von":"webposeidon50","Gesch\u00e4tzte Lesezeit":"7\u00a0Minuten"},"schema":{"@context":"https:\/\/schema.org","@graph":[{"@type":"Article","@id":"https:\/\/swiss-trip.ch\/winter-resorts-in-austria-and-switzerland-to-the-mountain-peaks\/#article","isPartOf":{"@id":"https:\/\/swiss-trip.ch\/winter-resorts-in-austria-and-switzerland-to-the-mountain-peaks\/"},"author":{"name":"webposeidon50","@id":"https:\/\/swiss-trip.ch\/en\/#\/schema\/person\/ddf8cc07848b04eb3803b76feb9bb6aa"},"headline":"Winter resorts in Austria and Switzerland. To the mountain peaks.","datePublished":"2024-11-13T15:40:01+00:00","dateModified":"2024-12-13T15:46:34+00:00","mainEntityOfPage":{"@id":"https:\/\/swiss-trip.ch\/winter-resorts-in-austria-and-switzerland-to-the-mountain-peaks\/"},"wordCount":1477,"commentCount":0,"publisher":{"@id":"https:\/\/swiss-trip.ch\/en\/#organization"},"image":{"@id":"https:\/\/swiss-trip.ch\/winter-resorts-in-austria-and-switzerland-to-the-mountain-peaks\/#primaryimage"},"thumbnailUrl":"https:\/\/swiss-trip.ch\/wp-content\/uploads\/2024\/11\/a45234c328efd5966324d247cd7f9ff1-jpg.avif","articleSection":["Blog"],"inLanguage":"de-CH","potentialAction":[{"@type":"CommentAction","name":"Comment","target":["https:\/\/swiss-trip.ch\/winter-resorts-in-austria-and-switzerland-to-the-mountain-peaks\/#respond"]}]},{"@type":"WebPage","@id":"https:\/\/swiss-trip.ch\/winter-resorts-in-austria-and-switzerland-to-the-mountain-peaks\/","url":"https:\/\/swiss-trip.ch\/winter-resorts-in-austria-and-switzerland-to-the-mountain-peaks\/","name":"Winter resorts in Austria and Switzerland. To the mountain peaks. - Swtrip","isPartOf":{"@id":"https:\/\/swiss-trip.ch\/en\/#website"},"primaryImageOfPage":{"@id":"https:\/\/swiss-trip.ch\/winter-resorts-in-austria-and-switzerland-to-the-mountain-peaks\/#primaryimage"},"image":{"@id":"https:\/\/swiss-trip.ch\/winter-resorts-in-austria-and-switzerland-to-the-mountain-peaks\/#primaryimage"},"thumbnailUrl":"https:\/\/swiss-trip.ch\/wp-content\/uploads\/2024\/11\/a45234c328efd5966324d247cd7f9ff1-jpg.avif","datePublished":"2024-11-13T15:40:01+00:00","dateModified":"2024-12-13T15:46:34+00:00","breadcrumb":{"@id":"https:\/\/swiss-trip.ch\/winter-resorts-in-austria-and-switzerland-to-the-mountain-peaks\/#breadcrumb"},"inLanguage":"de-CH","potentialAction":[{"@type":"ReadAction","target":["https:\/\/swiss-trip.ch\/winter-resorts-in-austria-and-switzerland-to-the-mountain-peaks\/"]}]},{"@type":"ImageObject","inLanguage":"de-CH","@id":"https:\/\/swiss-trip.ch\/winter-resorts-in-austria-and-switzerland-to-the-mountain-peaks\/#primaryimage","url":"https:\/\/swiss-trip.ch\/wp-content\/uploads\/2024\/11\/a45234c328efd5966324d247cd7f9ff1-jpg.avif","contentUrl":"https:\/\/swiss-trip.ch\/wp-content\/uploads\/2024\/11\/a45234c328efd5966324d247cd7f9ff1-jpg.avif","width":717,"height":478},{"@type":"BreadcrumbList","@id":"https:\/\/swiss-trip.ch\/winter-resorts-in-austria-and-switzerland-to-the-mountain-peaks\/#breadcrumb","itemListElement":[{"@type":"ListItem","position":1,"name":"Home","item":"https:\/\/swiss-trip.ch\/"},{"@type":"ListItem","position":2,"name":"Winter resorts in Austria and Switzerland. To the mountain peaks."}]},{"@type":"WebSite","@id":"https:\/\/swiss-trip.ch\/en\/#website","url":"https:\/\/swiss-trip.ch\/en\/","name":"Swiss-Trip","description":"","publisher":{"@id":"https:\/\/swiss-trip.ch\/en\/#organization"},"potentialAction":[{"@type":"SearchAction","target":{"@type":"EntryPoint","urlTemplate":"https:\/\/swiss-trip.ch\/en\/?s={search_term_string}"},"query-input":{"@type":"PropertyValueSpecification","valueRequired":true,"valueName":"search_term_string"}}],"inLanguage":"de-CH"},{"@type":"Organization","@id":"https:\/\/swiss-trip.ch\/en\/#organization","name":"Swiss-Trip","url":"https:\/\/swiss-trip.ch\/en\/","logo":{"@type":"ImageObject","inLanguage":"de-CH","@id":"https:\/\/swiss-trip.ch\/en\/#\/schema\/logo\/image\/","url":"https:\/\/swiss-trip.ch\/wp-content\/uploads\/2024\/11\/cropped-logowhite.png","contentUrl":"https:\/\/swiss-trip.ch\/wp-content\/uploads\/2024\/11\/cropped-logowhite.png","width":512,"height":512,"caption":"Swiss-Trip"},"image":{"@id":"https:\/\/swiss-trip.ch\/en\/#\/schema\/logo\/image\/"}},{"@type":"Person","@id":"https:\/\/swiss-trip.ch\/en\/#\/schema\/person\/ddf8cc07848b04eb3803b76feb9bb6aa","name":"webposeidon50","image":{"@type":"ImageObject","inLanguage":"de-CH","@id":"https:\/\/swiss-trip.ch\/en\/#\/schema\/person\/image\/","url":"https:\/\/secure.gravatar.com\/avatar\/b9d28bfba9c74afc3b521e14f3b87ee72880f28ad64065c9e4da6dc0f53991a5?s=96&d=mm&r=g","contentUrl":"https:\/\/secure.gravatar.com\/avatar\/b9d28bfba9c74afc3b521e14f3b87ee72880f28ad64065c9e4da6dc0f53991a5?s=96&d=mm&r=g","caption":"webposeidon50"},"sameAs":["https:\/\/agensium.com"],"url":"https:\/\/swiss-trip.ch\/de\/author\/webposeidon50\/"}]}},"_links":{"self":[{"href":"https:\/\/swiss-trip.ch\/de\/wp-json\/wp\/v2\/posts\/1038","targetHints":{"allow":["GET"]}}],"collection":[{"href":"https:\/\/swiss-trip.ch\/de\/wp-json\/wp\/v2\/posts"}],"about":[{"href":"https:\/\/swiss-trip.ch\/de\/wp-json\/wp\/v2\/types\/post"}],"author":[{"embeddable":true,"href":"https:\/\/swiss-trip.ch\/de\/wp-json\/wp\/v2\/users\/1"}],"replies":[{"embeddable":true,"href":"https:\/\/swiss-trip.ch\/de\/wp-json\/wp\/v2\/comments?post=1038"}],"version-history":[{"count":3,"href":"https:\/\/swiss-trip.ch\/de\/wp-json\/wp\/v2\/posts\/1038\/revisions"}],"predecessor-version":[{"id":2633,"href":"https:\/\/swiss-trip.ch\/de\/wp-json\/wp\/v2\/posts\/1038\/revisions\/2633"}],"wp:featuredmedia":[{"embeddable":true,"href":"https:\/\/swiss-trip.ch\/de\/wp-json\/wp\/v2\/media\/1039"}],"wp:attachment":[{"href":"https:\/\/swiss-trip.ch\/de\/wp-json\/wp\/v2\/media?parent=1038"}],"wp:term":[{"taxonomy":"category","embeddable":true,"href":"https:\/\/swiss-trip.ch\/de\/wp-json\/wp\/v2\/categories?post=1038"},{"taxonomy":"post_tag","embeddable":true,"href":"https:\/\/swiss-trip.ch\/de\/wp-json\/wp\/v2\/tags?post=1038"}],"curies":[{"name":"wp","href":"https:\/\/api.w.org\/{rel}","templated":true}]}}