{"id":554,"date":"2024-11-11T20:00:44","date_gmt":"2024-11-11T20:00:44","guid":{"rendered":"https:\/\/agensium.com\/?p=554"},"modified":"2024-11-22T13:55:50","modified_gmt":"2024-11-22T13:55:50","slug":"mercedes-benz-v-class","status":"publish","type":"post","link":"https:\/\/swiss-trip.ch\/de\/mercedes-benz-v-class\/","title":{"rendered":"Mercedes-Benz V-Class"},"content":{"rendered":"<p>[et_pb_section fb_built=&#8221;1&#8243; _builder_version=&#8221;4.27.2&#8243; _module_preset=&#8221;default&#8221; custom_padding=&#8221;0px||0px||true|false&#8221; hover_enabled=&#8221;0&#8243; custom_css_free_form=&#8221;.Description,.Characteristics,.Payment{||  display:none;||}||.active{||  display:block;||}||.ButtonS{  ||  \tcursor: pointer;||    display: flex;||    padding: 10px;||    padding-top: 15px;||    padding-bottom: 15px;||    border: none;||    color: #555;||    font-size: 1em;||    margin-bottom: -2px;||    align-items: center;||    justify-content: center;||    font-weight: 700;||  &#038;:hover{ ||    color:#0075FF;||    border-bottom:3px solid #0075FF;||  }||}||.activeButton{||  color:#0075FF;||    border-bottom:3px solid #0075FF;||}||h1{||  font-weight:700;||  padding:15px;||font-size:34px;||}||img{||  border-radius:15px;||}&#8221; global_colors_info=&#8221;{}&#8221; theme_builder_area=&#8221;post_content&#8221; sticky_enabled=&#8221;0&#8243;][et_pb_row _builder_version=&#8221;4.27.2&#8243; _module_preset=&#8221;default&#8221; global_colors_info=&#8221;{}&#8221; theme_builder_area=&#8221;post_content&#8221;][et_pb_column type=&#8221;4_4&#8243; _builder_version=&#8221;4.27.2&#8243; _module_preset=&#8221;default&#8221; global_colors_info=&#8221;{}&#8221; theme_builder_area=&#8221;post_content&#8221;][et_pb_gallery show_title_and_caption=&#8221;off&#8221; _builder_version=&#8221;4.27.2&#8243; _module_preset=&#8221;default&#8221; hover_enabled=&#8221;0&#8243; global_colors_info=&#8221;{}&#8221; theme_builder_area=&#8221;post_content&#8221; gallery_ids=&#8221;555,556,557&#8243; sticky_enabled=&#8221;0&#8243;][\/et_pb_gallery][\/et_pb_column][\/et_pb_row][et_pb_row column_structure=&#8221;1_3,1_3,1_3&#8243; _builder_version=&#8221;4.27.2&#8243; _module_preset=&#8221;default&#8221; width=&#8221;100%&#8221; custom_padding=&#8221;0px||0px||true|false&#8221; border_width_top=&#8221;1px&#8221; border_color_top=&#8221;#dedede&#8221; border_width_bottom=&#8221;1px&#8221; border_color_bottom=&#8221;#dedede&#8221; global_colors_info=&#8221;{}&#8221; theme_builder_area=&#8221;post_content&#8221;][et_pb_column type=&#8221;1_3&#8243; _builder_version=&#8221;4.27.2&#8243; _module_preset=&#8221;default&#8221; global_colors_info=&#8221;{}&#8221; theme_builder_area=&#8221;post_content&#8221;][et_pb_code _builder_version=&#8221;4.27.2&#8243; _module_preset=&#8221;default&#8221; global_colors_info=&#8221;{}&#8221; theme_builder_area=&#8221;post_content&#8221;]<\/p>\n<div class=\"ButtonS activeButton\" id='Description' ><!-- [et_pb_line_break_holder] -->  Beschreibung<!-- [et_pb_line_break_holder] --><\/div>\n<p>[\/et_pb_code][\/et_pb_column][et_pb_column type=&#8221;1_3&#8243; _builder_version=&#8221;4.27.2&#8243; _module_preset=&#8221;default&#8221; global_colors_info=&#8221;{}&#8221; theme_builder_area=&#8221;post_content&#8221;][et_pb_code _builder_version=&#8221;4.27.2&#8243; _module_preset=&#8221;default&#8221; global_colors_info=&#8221;{}&#8221; theme_builder_area=&#8221;post_content&#8221;]<\/p>\n<div class=\"ButtonS\" id='Characteristics' ><!-- [et_pb_line_break_holder] -->  Merkmale<!-- [et_pb_line_break_holder] --><\/div>\n<p>[\/et_pb_code][\/et_pb_column][et_pb_column type=&#8221;1_3&#8243; _builder_version=&#8221;4.27.2&#8243; _module_preset=&#8221;default&#8221; global_colors_info=&#8221;{}&#8221; theme_builder_area=&#8221;post_content&#8221;][et_pb_code _builder_version=&#8221;4.27.2&#8243; _module_preset=&#8221;default&#8221; global_colors_info=&#8221;{}&#8221; theme_builder_area=&#8221;post_content&#8221;]<\/p>\n<div class=\"ButtonS\" id='Payment' ><!-- [et_pb_line_break_holder] -->  Zahlung<!-- [et_pb_line_break_holder] --><\/div>\n<p>[\/et_pb_code][\/et_pb_column][\/et_pb_row][et_pb_row _builder_version=&#8221;4.27.2&#8243; _module_preset=&#8221;default&#8221; global_colors_info=&#8221;{}&#8221; theme_builder_area=&#8221;post_content&#8221;][et_pb_column type=&#8221;4_4&#8243; _builder_version=&#8221;4.27.2&#8243; _module_preset=&#8221;default&#8221; global_colors_info=&#8221;{}&#8221; theme_builder_area=&#8221;post_content&#8221;][et_pb_text module_id=&#8221;WrappText&#8221; module_class=&#8221;Description active&#8221; _builder_version=&#8221;4.27.2&#8243; _module_preset=&#8221;default&#8221; text_font=&#8221;Poppins|300|||||||&#8221; text_line_height=&#8221;1.2em&#8221; global_colors_info=&#8221;{}&#8221; theme_builder_area=&#8221;post_content&#8221;]<\/p>\n<h2>Erleben Sie Luxus in Bewegung mit der Mercedes-Benz V-Klasse \u2013 Ihr 7-Sitzer VIP-Minivan f\u00fcr exklusive Flughafen-Transfers<\/h2>\n<p>Heben Sie Ihr Flughafen-Transfer-Erlebnis mit unserem Mercedes-Benz V-Klasse 250d auf das n\u00e4chste Level \u2013 stressfreies Luxusreisen f\u00fcr bis zu 7 Passagiere durch die Schweiz.<\/p>\n<p>Tauchen Sie ein in eine Oase der Raffinesse mit exklusivem braunen Leder und individuellem Komfort durch separate Klimaregelung.<\/p>\n<p class=\"translation-block\"><strong>M\u00fchelose Eleganz:<\/strong><span> <\/span>Gleiten Sie mit Stil durch die Ankunftshalle. Elektrische Schiebet\u00fcren \u00f6ffnen sich ger\u00e4uschlos, w\u00e4hrend der automatische Kofferraumverschluss Ihre Taschen mit einer Geste sanft verstaut. Dies ist mehr als nur ein Transfer; es ist ein Statement.<\/p>\n<p class=\"translation-block\"><strong>Ruhige Oase:<\/strong><span> <\/span>Entfliehen Sie der Welt in unserer ger\u00e4uschisolierten Kabine mit get\u00f6ntem Glas f\u00fcr mehr Privatsph\u00e4re. Lassen Sie sich mit dem \u201eBurmester\u201c-Multimediasystem unterhalten, w\u00e4hrend das autonome Heizsystem Ihnen in jeder Jahreszeit eine warme Begr\u00fc\u00dfung bereitet.<\/p>\n<p class=\"translation-block\"><strong>Komfort trifft Sicherheit:<\/strong><span> <\/span>Kein Kompromiss bei Platz oder Sicherheit. Unser ger\u00e4umiges Gep\u00e4ckabteil, eine optionale Ladebox und ein Gep\u00e4ckanh\u00e4nger sorgen daf\u00fcr, dass Ihr Gep\u00e4ck sicher transportiert wird. Bleiben Sie mit kostenlosem WLAN verbunden f\u00fcr eine nahtlose und produktive Reise.<\/p>\n<p class=\"translation-block\"><strong>Mehr als nur Transport:<\/strong><span> <\/span>Mit der Mercedes-Benz V-Klasse 250d gehen wir \u00fcber das blo\u00dfe Reisen hinaus. Wir redefinieren Ihr Flughafen-Transfer-Erlebnis und bieten neue H\u00f6hen des Luxus und Komforts. Es ist nicht nur eine Fahrt; es ist eine Erinnerung, die entsteht.<\/p>\n<p>Buchen Sie noch heute und starten Sie einen VIP-Transfer, der alle Erwartungen \u00fcbertrifft.<\/p>\n<p>[\/et_pb_text][et_pb_text module_id=&#8221;WrappText&#8221; module_class=&#8221;Characteristics&#8221; _builder_version=&#8221;4.27.2&#8243; _module_preset=&#8221;default&#8221; text_font=&#8221;Poppins|300|||||||&#8221; text_line_height=&#8221;1.2em&#8221; hover_enabled=&#8221;0&#8243; global_colors_info=&#8221;{}&#8221; theme_builder_area=&#8221;post_content&#8221; sticky_enabled=&#8221;0&#8243;]<\/p>\n<div class=\"tabs_block\">\n<div class=\"tabs_block1\">\n<div class=\"text\">\n<div class=\"pr-rowprop\">\n<p style=\"text-align: justify;\"><span class=\"pr-mes\">\u00a0<\/span><\/p>\n<table border=\"1\" style=\"border-collapse: collapse; width: 100%; height: 121px;\">\n<tbody>\n<tr style=\"height: 24px;\">\n<td style=\"width: 50%; height: 24px;\"><span class=\"pr-mes\">Farbe<\/span><\/td>\n<td style=\"width: 50%; height: 24px;\">Schwarz<\/td>\n<\/tr>\n<tr style=\"height: 48px;\">\n<td style=\"width: 50%; height: 49px;\"><span class=\"pr-mes\">Anzahl der Passagiere<\/span><\/td>\n<td style=\"width: 50%; height: 49px;\">7<\/td>\n<\/tr>\n<tr>\n<td style=\"width: 50%;\">Gep\u00e4ckanh\u00e4nger<\/td>\n<td style=\"width: 50%;\">Ja<\/td>\n<\/tr>\n<tr style=\"height: 24px;\">\n<td style=\"width: 50%; height: 24px;\">Anzahl des Gep\u00e4cks<\/td>\n<td style=\"width: 50%; height: 24px;\">4<\/td>\n<\/tr>\n<tr style=\"height: 24px;\">\n<td style=\"width: 50%; height: 24px;\">Karosserietyp<\/td>\n<td style=\"width: 50%; height: 24px;\">Minivan<\/td>\n<\/tr>\n<\/tbody>\n<\/table>\n<p style=\"text-align: justify;\">\n<\/div>\n<div class=\"pr-rowprop\">\n<div class=\"pr-bbb\"><\/div>\n<\/div>\n<div class=\"pr-rowprop\">\n<div class=\"pr-bbb\"><\/div>\n<\/div>\n<\/div>\n<\/div>\n<\/div>\n<p>[\/et_pb_text][et_pb_text module_id=&#8221;WrappText&#8221; module_class=&#8221;Payment&#8221; _builder_version=&#8221;4.27.2&#8243; _module_preset=&#8221;default&#8221; text_font=&#8221;Poppins|300|||||||&#8221; text_line_height=&#8221;1.2em&#8221; global_colors_info=&#8221;{}&#8221; theme_builder_area=&#8221;post_content&#8221;]<\/p>\n<div class=\"tabs_block\">\n<div class=\"tabs_block1\">\n<div class=\"text\">\n<p class=\"translation-block\"><strong>Die Zahlung f\u00fcr den Transfer<\/strong><span> <\/span>erfolgt per Bank\u00fcberweisung oder bar.<\/p>\n<ul>\n<li style=\"list-style-type: none;\">\n<ul>\n<li>Wir stellen alle Zahlungsdokumente zur Verf\u00fcgung.<\/li>\n<li>Zahlung in bar am Treffpunkt oder per Kreditkarte direkt im Auto (es gibt ein Terminal f\u00fcr VISA- und MasterCard-Karten).<\/li>\n<\/ul>\n<\/li>\n<\/ul>\n<ul><\/ul>\n<\/div>\n<\/div>\n<\/div>\n<p>[\/et_pb_text][\/et_pb_column][\/et_pb_row][et_pb_row _builder_version=&#8221;4.27.2&#8243; _module_preset=&#8221;default&#8221; global_colors_info=&#8221;{}&#8221; theme_builder_area=&#8221;post_content&#8221;][et_pb_column type=&#8221;4_4&#8243; _builder_version=&#8221;4.27.2&#8243; _module_preset=&#8221;default&#8221; global_colors_info=&#8221;{}&#8221; theme_builder_area=&#8221;post_content&#8221;][et_pb_code _builder_version=&#8221;4.27.2&#8243; _module_preset=&#8221;default&#8221; global_colors_info=&#8221;{}&#8221; theme_builder_area=&#8221;post_content&#8221;]<script><!-- [et_pb_line_break_holder] -->$(document).ready(function(){<!-- [et_pb_line_break_holder] --> $('.ButtonS').on('click', function(){<!-- [et_pb_line_break_holder] -->$(\".ButtonS\").removeClass('activeButton'); <!-- [et_pb_line_break_holder] -->   let articles=  document.querySelectorAll(\"#WrappText\")<!-- [et_pb_line_break_holder] -->   for (let i = 0; i < articles.length; i++) {<!-- [et_pb_line_break_holder] -->  articles[i].style.display=\"none\";<!-- [et_pb_line_break_holder] -->  <!-- [et_pb_line_break_holder] -->}<!-- [et_pb_line_break_holder] -->   $(this).addClass(\"activeButton\");  $('.'+$(this).attr('id')).css(\"display\",\"block\")<!-- [et_pb_line_break_holder] --> } )<!-- [et_pb_line_break_holder] -->})<!-- [et_pb_line_break_holder] --><\/script>[\/et_pb_code][\/et_pb_column][\/et_pb_row][\/et_pb_section]<\/p>","protected":false},"excerpt":{"rendered":"<p>Experience Luxury in Motion with the Mercedes-Benz V-Class &#8211; Your 7-Seater VIP Minivan for Exclusive Airport Transfers Elevate your airport transfer experience with our Mercedes-Benz V-Class 250d, stress-free luxury travel for up to 7 passengers across Switzerland. Step into a haven of sophistication with exclusive brown leather and personalized comfort through separate climate control. Effortless [&hellip;]<\/p>","protected":false},"author":1,"featured_media":555,"comment_status":"open","ping_status":"closed","sticky":false,"template":"","format":"standard","meta":{"_et_pb_use_builder":"on","_et_pb_old_content":"","_et_gb_content_width":"1080","footnotes":""},"categories":[5,13],"tags":[],"class_list":["post-554","post","type-post","status-publish","format-standard","has-post-thumbnail","hentry","category-luxury","category-minivans"],"yoast_head":"<!-- This site is optimized with the Yoast SEO plugin v26.4 - https:\/\/yoast.com\/wordpress\/plugins\/seo\/ -->\n<title>Mercedes-Benz V-Class - Swtrip<\/title>\n<meta name=\"robots\" content=\"index, follow, max-snippet:-1, max-image-preview:large, max-video-preview:-1\" \/>\n<link rel=\"canonical\" href=\"https:\/\/swiss-trip.ch\/de\/mercedes-benz-v-class\/\" \/>\n<meta property=\"og:locale\" content=\"de_DE\" \/>\n<meta property=\"og:type\" content=\"article\" \/>\n<meta property=\"og:title\" content=\"Mercedes-Benz V-Class - Swtrip\" \/>\n<meta property=\"og:description\" content=\"Experience Luxury in Motion with the Mercedes-Benz V-Class - Your 7-Seater VIP Minivan for Exclusive Airport Transfers Elevate your airport transfer experience with our Mercedes-Benz V-Class 250d, stress-free luxury travel for up to 7 passengers across Switzerland. Step into a haven of sophistication with exclusive brown leather and personalized comfort through separate climate control. Effortless [&hellip;]\" \/>\n<meta property=\"og:url\" content=\"https:\/\/swiss-trip.ch\/de\/mercedes-benz-v-class\/\" \/>\n<meta property=\"og:site_name\" content=\"Swtrip\" \/>\n<meta property=\"article:published_time\" content=\"2024-11-11T20:00:44+00:00\" \/>\n<meta property=\"article:modified_time\" content=\"2024-11-22T13:55:50+00:00\" \/>\n<meta property=\"og:image\" content=\"https:\/\/swiss-trip.ch\/wp-content\/uploads\/2024\/11\/18fa169f4664b564fad5dff23b90f242-jpg.avif\" \/>\n\t<meta property=\"og:image:width\" content=\"1049\" \/>\n\t<meta property=\"og:image:height\" content=\"730\" \/>\n\t<meta property=\"og:image:type\" content=\"image\/jpeg\" \/>\n<meta name=\"author\" content=\"webposeidon50\" \/>\n<meta name=\"twitter:card\" content=\"summary_large_image\" \/>\n<meta name=\"twitter:label1\" content=\"Geschrieben von\" \/>\n\t<meta name=\"twitter:data1\" content=\"webposeidon50\" \/>\n\t<meta name=\"twitter:label2\" content=\"Gesch\u00e4tzte Lesezeit\" \/>\n\t<meta name=\"twitter:data2\" content=\"4\u00a0Minuten\" \/>\n<script type=\"application\/ld+json\" class=\"yoast-schema-graph\">{\"@context\":\"https:\/\/schema.org\",\"@graph\":[{\"@type\":\"Article\",\"@id\":\"https:\/\/swiss-trip.ch\/mercedes-benz-v-class\/#article\",\"isPartOf\":{\"@id\":\"https:\/\/swiss-trip.ch\/mercedes-benz-v-class\/\"},\"author\":{\"name\":\"webposeidon50\",\"@id\":\"https:\/\/swiss-trip.ch\/en\/#\/schema\/person\/ddf8cc07848b04eb3803b76feb9bb6aa\"},\"headline\":\"Mercedes-Benz V-Class\",\"datePublished\":\"2024-11-11T20:00:44+00:00\",\"dateModified\":\"2024-11-22T13:55:50+00:00\",\"mainEntityOfPage\":{\"@id\":\"https:\/\/swiss-trip.ch\/mercedes-benz-v-class\/\"},\"wordCount\":788,\"commentCount\":0,\"publisher\":{\"@id\":\"https:\/\/swiss-trip.ch\/en\/#organization\"},\"image\":{\"@id\":\"https:\/\/swiss-trip.ch\/mercedes-benz-v-class\/#primaryimage\"},\"thumbnailUrl\":\"https:\/\/swiss-trip.ch\/wp-content\/uploads\/2024\/11\/18fa169f4664b564fad5dff23b90f242-jpg.avif\",\"articleSection\":[\"Luxury\",\"Minivans\"],\"inLanguage\":\"de-CH\",\"potentialAction\":[{\"@type\":\"CommentAction\",\"name\":\"Comment\",\"target\":[\"https:\/\/swiss-trip.ch\/mercedes-benz-v-class\/#respond\"]}]},{\"@type\":\"WebPage\",\"@id\":\"https:\/\/swiss-trip.ch\/mercedes-benz-v-class\/\",\"url\":\"https:\/\/swiss-trip.ch\/mercedes-benz-v-class\/\",\"name\":\"Mercedes-Benz V-Class - Swtrip\",\"isPartOf\":{\"@id\":\"https:\/\/swiss-trip.ch\/en\/#website\"},\"primaryImageOfPage\":{\"@id\":\"https:\/\/swiss-trip.ch\/mercedes-benz-v-class\/#primaryimage\"},\"image\":{\"@id\":\"https:\/\/swiss-trip.ch\/mercedes-benz-v-class\/#primaryimage\"},\"thumbnailUrl\":\"https:\/\/swiss-trip.ch\/wp-content\/uploads\/2024\/11\/18fa169f4664b564fad5dff23b90f242-jpg.avif\",\"datePublished\":\"2024-11-11T20:00:44+00:00\",\"dateModified\":\"2024-11-22T13:55:50+00:00\",\"breadcrumb\":{\"@id\":\"https:\/\/swiss-trip.ch\/mercedes-benz-v-class\/#breadcrumb\"},\"inLanguage\":\"de-CH\",\"potentialAction\":[{\"@type\":\"ReadAction\",\"target\":[\"https:\/\/swiss-trip.ch\/mercedes-benz-v-class\/\"]}]},{\"@type\":\"ImageObject\",\"inLanguage\":\"de-CH\",\"@id\":\"https:\/\/swiss-trip.ch\/mercedes-benz-v-class\/#primaryimage\",\"url\":\"https:\/\/swiss-trip.ch\/wp-content\/uploads\/2024\/11\/18fa169f4664b564fad5dff23b90f242-jpg.avif\",\"contentUrl\":\"https:\/\/swiss-trip.ch\/wp-content\/uploads\/2024\/11\/18fa169f4664b564fad5dff23b90f242-jpg.avif\",\"width\":1049,\"height\":730},{\"@type\":\"BreadcrumbList\",\"@id\":\"https:\/\/swiss-trip.ch\/mercedes-benz-v-class\/#breadcrumb\",\"itemListElement\":[{\"@type\":\"ListItem\",\"position\":1,\"name\":\"Home\",\"item\":\"https:\/\/swiss-trip.ch\/\"},{\"@type\":\"ListItem\",\"position\":2,\"name\":\"Mercedes-Benz V-Class\"}]},{\"@type\":\"WebSite\",\"@id\":\"https:\/\/swiss-trip.ch\/en\/#website\",\"url\":\"https:\/\/swiss-trip.ch\/en\/\",\"name\":\"Swiss-Trip\",\"description\":\"\",\"publisher\":{\"@id\":\"https:\/\/swiss-trip.ch\/en\/#organization\"},\"potentialAction\":[{\"@type\":\"SearchAction\",\"target\":{\"@type\":\"EntryPoint\",\"urlTemplate\":\"https:\/\/swiss-trip.ch\/en\/?s={search_term_string}\"},\"query-input\":{\"@type\":\"PropertyValueSpecification\",\"valueRequired\":true,\"valueName\":\"search_term_string\"}}],\"inLanguage\":\"de-CH\"},{\"@type\":\"Organization\",\"@id\":\"https:\/\/swiss-trip.ch\/en\/#organization\",\"name\":\"Swiss-Trip\",\"url\":\"https:\/\/swiss-trip.ch\/en\/\",\"logo\":{\"@type\":\"ImageObject\",\"inLanguage\":\"de-CH\",\"@id\":\"https:\/\/swiss-trip.ch\/en\/#\/schema\/logo\/image\/\",\"url\":\"https:\/\/swiss-trip.ch\/wp-content\/uploads\/2024\/11\/cropped-logowhite.png\",\"contentUrl\":\"https:\/\/swiss-trip.ch\/wp-content\/uploads\/2024\/11\/cropped-logowhite.png\",\"width\":512,\"height\":512,\"caption\":\"Swiss-Trip\"},\"image\":{\"@id\":\"https:\/\/swiss-trip.ch\/en\/#\/schema\/logo\/image\/\"}},{\"@type\":\"Person\",\"@id\":\"https:\/\/swiss-trip.ch\/en\/#\/schema\/person\/ddf8cc07848b04eb3803b76feb9bb6aa\",\"name\":\"webposeidon50\",\"image\":{\"@type\":\"ImageObject\",\"inLanguage\":\"de-CH\",\"@id\":\"https:\/\/swiss-trip.ch\/en\/#\/schema\/person\/image\/\",\"url\":\"https:\/\/secure.gravatar.com\/avatar\/b9d28bfba9c74afc3b521e14f3b87ee72880f28ad64065c9e4da6dc0f53991a5?s=96&d=mm&r=g\",\"contentUrl\":\"https:\/\/secure.gravatar.com\/avatar\/b9d28bfba9c74afc3b521e14f3b87ee72880f28ad64065c9e4da6dc0f53991a5?s=96&d=mm&r=g\",\"caption\":\"webposeidon50\"},\"sameAs\":[\"https:\/\/agensium.com\"],\"url\":\"https:\/\/swiss-trip.ch\/de\/author\/webposeidon50\/\"}]}<\/script>\n<!-- \/ Yoast SEO plugin. -->","yoast_head_json":{"title":"Mercedes-Benz V-Class - Swtrip","robots":{"index":"index","follow":"follow","max-snippet":"max-snippet:-1","max-image-preview":"max-image-preview:large","max-video-preview":"max-video-preview:-1"},"canonical":"https:\/\/swiss-trip.ch\/de\/mercedes-benz-v-class\/","og_locale":"de_DE","og_type":"article","og_title":"Mercedes-Benz V-Class - Swtrip","og_description":"Experience Luxury in Motion with the Mercedes-Benz V-Class - Your 7-Seater VIP Minivan for Exclusive Airport Transfers Elevate your airport transfer experience with our Mercedes-Benz V-Class 250d, stress-free luxury travel for up to 7 passengers across Switzerland. Step into a haven of sophistication with exclusive brown leather and personalized comfort through separate climate control. Effortless [&hellip;]","og_url":"https:\/\/swiss-trip.ch\/de\/mercedes-benz-v-class\/","og_site_name":"Swtrip","article_published_time":"2024-11-11T20:00:44+00:00","article_modified_time":"2024-11-22T13:55:50+00:00","og_image":[{"width":1049,"height":730,"url":"https:\/\/swiss-trip.ch\/wp-content\/uploads\/2024\/11\/18fa169f4664b564fad5dff23b90f242-jpg.avif","type":"image\/jpeg"}],"author":"webposeidon50","twitter_card":"summary_large_image","twitter_misc":{"Geschrieben von":"webposeidon50","Gesch\u00e4tzte Lesezeit":"4\u00a0Minuten"},"schema":{"@context":"https:\/\/schema.org","@graph":[{"@type":"Article","@id":"https:\/\/swiss-trip.ch\/mercedes-benz-v-class\/#article","isPartOf":{"@id":"https:\/\/swiss-trip.ch\/mercedes-benz-v-class\/"},"author":{"name":"webposeidon50","@id":"https:\/\/swiss-trip.ch\/en\/#\/schema\/person\/ddf8cc07848b04eb3803b76feb9bb6aa"},"headline":"Mercedes-Benz V-Class","datePublished":"2024-11-11T20:00:44+00:00","dateModified":"2024-11-22T13:55:50+00:00","mainEntityOfPage":{"@id":"https:\/\/swiss-trip.ch\/mercedes-benz-v-class\/"},"wordCount":788,"commentCount":0,"publisher":{"@id":"https:\/\/swiss-trip.ch\/en\/#organization"},"image":{"@id":"https:\/\/swiss-trip.ch\/mercedes-benz-v-class\/#primaryimage"},"thumbnailUrl":"https:\/\/swiss-trip.ch\/wp-content\/uploads\/2024\/11\/18fa169f4664b564fad5dff23b90f242-jpg.avif","articleSection":["Luxury","Minivans"],"inLanguage":"de-CH","potentialAction":[{"@type":"CommentAction","name":"Comment","target":["https:\/\/swiss-trip.ch\/mercedes-benz-v-class\/#respond"]}]},{"@type":"WebPage","@id":"https:\/\/swiss-trip.ch\/mercedes-benz-v-class\/","url":"https:\/\/swiss-trip.ch\/mercedes-benz-v-class\/","name":"Mercedes-Benz V-Class - Swtrip","isPartOf":{"@id":"https:\/\/swiss-trip.ch\/en\/#website"},"primaryImageOfPage":{"@id":"https:\/\/swiss-trip.ch\/mercedes-benz-v-class\/#primaryimage"},"image":{"@id":"https:\/\/swiss-trip.ch\/mercedes-benz-v-class\/#primaryimage"},"thumbnailUrl":"https:\/\/swiss-trip.ch\/wp-content\/uploads\/2024\/11\/18fa169f4664b564fad5dff23b90f242-jpg.avif","datePublished":"2024-11-11T20:00:44+00:00","dateModified":"2024-11-22T13:55:50+00:00","breadcrumb":{"@id":"https:\/\/swiss-trip.ch\/mercedes-benz-v-class\/#breadcrumb"},"inLanguage":"de-CH","potentialAction":[{"@type":"ReadAction","target":["https:\/\/swiss-trip.ch\/mercedes-benz-v-class\/"]}]},{"@type":"ImageObject","inLanguage":"de-CH","@id":"https:\/\/swiss-trip.ch\/mercedes-benz-v-class\/#primaryimage","url":"https:\/\/swiss-trip.ch\/wp-content\/uploads\/2024\/11\/18fa169f4664b564fad5dff23b90f242-jpg.avif","contentUrl":"https:\/\/swiss-trip.ch\/wp-content\/uploads\/2024\/11\/18fa169f4664b564fad5dff23b90f242-jpg.avif","width":1049,"height":730},{"@type":"BreadcrumbList","@id":"https:\/\/swiss-trip.ch\/mercedes-benz-v-class\/#breadcrumb","itemListElement":[{"@type":"ListItem","position":1,"name":"Home","item":"https:\/\/swiss-trip.ch\/"},{"@type":"ListItem","position":2,"name":"Mercedes-Benz V-Class"}]},{"@type":"WebSite","@id":"https:\/\/swiss-trip.ch\/en\/#website","url":"https:\/\/swiss-trip.ch\/en\/","name":"Swiss-Trip","description":"","publisher":{"@id":"https:\/\/swiss-trip.ch\/en\/#organization"},"potentialAction":[{"@type":"SearchAction","target":{"@type":"EntryPoint","urlTemplate":"https:\/\/swiss-trip.ch\/en\/?s={search_term_string}"},"query-input":{"@type":"PropertyValueSpecification","valueRequired":true,"valueName":"search_term_string"}}],"inLanguage":"de-CH"},{"@type":"Organization","@id":"https:\/\/swiss-trip.ch\/en\/#organization","name":"Swiss-Trip","url":"https:\/\/swiss-trip.ch\/en\/","logo":{"@type":"ImageObject","inLanguage":"de-CH","@id":"https:\/\/swiss-trip.ch\/en\/#\/schema\/logo\/image\/","url":"https:\/\/swiss-trip.ch\/wp-content\/uploads\/2024\/11\/cropped-logowhite.png","contentUrl":"https:\/\/swiss-trip.ch\/wp-content\/uploads\/2024\/11\/cropped-logowhite.png","width":512,"height":512,"caption":"Swiss-Trip"},"image":{"@id":"https:\/\/swiss-trip.ch\/en\/#\/schema\/logo\/image\/"}},{"@type":"Person","@id":"https:\/\/swiss-trip.ch\/en\/#\/schema\/person\/ddf8cc07848b04eb3803b76feb9bb6aa","name":"webposeidon50","image":{"@type":"ImageObject","inLanguage":"de-CH","@id":"https:\/\/swiss-trip.ch\/en\/#\/schema\/person\/image\/","url":"https:\/\/secure.gravatar.com\/avatar\/b9d28bfba9c74afc3b521e14f3b87ee72880f28ad64065c9e4da6dc0f53991a5?s=96&d=mm&r=g","contentUrl":"https:\/\/secure.gravatar.com\/avatar\/b9d28bfba9c74afc3b521e14f3b87ee72880f28ad64065c9e4da6dc0f53991a5?s=96&d=mm&r=g","caption":"webposeidon50"},"sameAs":["https:\/\/agensium.com"],"url":"https:\/\/swiss-trip.ch\/de\/author\/webposeidon50\/"}]}},"_links":{"self":[{"href":"https:\/\/swiss-trip.ch\/de\/wp-json\/wp\/v2\/posts\/554","targetHints":{"allow":["GET"]}}],"collection":[{"href":"https:\/\/swiss-trip.ch\/de\/wp-json\/wp\/v2\/posts"}],"about":[{"href":"https:\/\/swiss-trip.ch\/de\/wp-json\/wp\/v2\/types\/post"}],"author":[{"embeddable":true,"href":"https:\/\/swiss-trip.ch\/de\/wp-json\/wp\/v2\/users\/1"}],"replies":[{"embeddable":true,"href":"https:\/\/swiss-trip.ch\/de\/wp-json\/wp\/v2\/comments?post=554"}],"version-history":[{"count":2,"href":"https:\/\/swiss-trip.ch\/de\/wp-json\/wp\/v2\/posts\/554\/revisions"}],"predecessor-version":[{"id":559,"href":"https:\/\/swiss-trip.ch\/de\/wp-json\/wp\/v2\/posts\/554\/revisions\/559"}],"wp:featuredmedia":[{"embeddable":true,"href":"https:\/\/swiss-trip.ch\/de\/wp-json\/wp\/v2\/media\/555"}],"wp:attachment":[{"href":"https:\/\/swiss-trip.ch\/de\/wp-json\/wp\/v2\/media?parent=554"}],"wp:term":[{"taxonomy":"category","embeddable":true,"href":"https:\/\/swiss-trip.ch\/de\/wp-json\/wp\/v2\/categories?post=554"},{"taxonomy":"post_tag","embeddable":true,"href":"https:\/\/swiss-trip.ch\/de\/wp-json\/wp\/v2\/tags?post=554"}],"curies":[{"name":"wp","href":"https:\/\/api.w.org\/{rel}","templated":true}]}}