{"id":560,"date":"2024-11-11T20:12:09","date_gmt":"2024-11-11T20:12:09","guid":{"rendered":"https:\/\/agensium.com\/?p=560"},"modified":"2024-12-13T16:15:43","modified_gmt":"2024-12-13T16:15:43","slug":"mercedes-v-class-250d","status":"publish","type":"post","link":"https:\/\/swiss-trip.ch\/de\/mercedes-v-class-250d\/","title":{"rendered":"Mercedes V-Class 250d"},"content":{"rendered":"<p>[et_pb_section fb_built=&#8221;1&#8243; _builder_version=&#8221;4.27.2&#8243; _module_preset=&#8221;default&#8221; custom_padding=&#8221;0px||0px||true|false&#8221; custom_css_free_form=&#8221;.Description,.Characteristics,.Payment{||  display:none;||}||.active{||  display:block;||}||.ButtonS{  ||  \tcursor: pointer;||    display: flex;||    padding: 10px;||    padding-top: 15px;||    padding-bottom: 15px;||    border: none;||    color: #555;||    font-size: 1em;||    margin-bottom: -2px;||    align-items: center;||    justify-content: center;||    font-weight: 700;||  &#038;:hover{ ||    color:#0075FF;||    border-bottom:3px solid #0075FF;||  }||}||.activeButton{||  color:#0075FF;||    border-bottom:3px solid #0075FF;||}||h1{||  font-weight:700;||  padding:15px;||font-size:34px;||}||img{||  border-radius:15px;||}&#8221; global_colors_info=&#8221;{}&#8221;][et_pb_row _builder_version=&#8221;4.27.2&#8243; _module_preset=&#8221;default&#8221; global_colors_info=&#8221;{}&#8221;][et_pb_column type=&#8221;4_4&#8243; _builder_version=&#8221;4.27.2&#8243; _module_preset=&#8221;default&#8221; global_colors_info=&#8221;{}&#8221;][et_pb_gallery gallery_ids=&#8221;561,562,563,564,565,566,567&#8243; show_title_and_caption=&#8221;off&#8221; _builder_version=&#8221;4.27.2&#8243; _module_preset=&#8221;default&#8221; global_colors_info=&#8221;{}&#8221;][\/et_pb_gallery][\/et_pb_column][\/et_pb_row][et_pb_row column_structure=&#8221;1_3,1_3,1_3&#8243; _builder_version=&#8221;4.27.2&#8243; _module_preset=&#8221;default&#8221; width=&#8221;100%&#8221; custom_padding=&#8221;0px||0px||true|false&#8221; border_width_top=&#8221;1px&#8221; border_color_top=&#8221;#dedede&#8221; border_width_bottom=&#8221;1px&#8221; border_color_bottom=&#8221;#dedede&#8221; global_colors_info=&#8221;{}&#8221;][et_pb_column type=&#8221;1_3&#8243; _builder_version=&#8221;4.27.2&#8243; _module_preset=&#8221;default&#8221; global_colors_info=&#8221;{}&#8221;][et_pb_code _builder_version=&#8221;4.27.2&#8243; _module_preset=&#8221;default&#8221; global_colors_info=&#8221;{}&#8221;]<\/p>\n<div class=\"ButtonS activeButton\" id='Description' ><!-- [et_pb_line_break_holder] -->  Beschreibung<!-- [et_pb_line_break_holder] --><\/div>\n<p>[\/et_pb_code][\/et_pb_column][et_pb_column type=&#8221;1_3&#8243; _builder_version=&#8221;4.27.2&#8243; _module_preset=&#8221;default&#8221; global_colors_info=&#8221;{}&#8221;][et_pb_code _builder_version=&#8221;4.27.2&#8243; _module_preset=&#8221;default&#8221; global_colors_info=&#8221;{}&#8221;]<\/p>\n<div class=\"ButtonS\" id='Characteristics' ><!-- [et_pb_line_break_holder] -->  Merkmale<!-- [et_pb_line_break_holder] --><\/div>\n<p>[\/et_pb_code][\/et_pb_column][et_pb_column type=&#8221;1_3&#8243; _builder_version=&#8221;4.27.2&#8243; _module_preset=&#8221;default&#8221; global_colors_info=&#8221;{}&#8221;][et_pb_code _builder_version=&#8221;4.27.2&#8243; _module_preset=&#8221;default&#8221; global_colors_info=&#8221;{}&#8221;]<\/p>\n<div class=\"ButtonS\" id='Payment' ><!-- [et_pb_line_break_holder] -->  Zahlung<!-- [et_pb_line_break_holder] --><\/div>\n<p>[\/et_pb_code][\/et_pb_column][\/et_pb_row][et_pb_row _builder_version=&#8221;4.27.2&#8243; _module_preset=&#8221;default&#8221; global_colors_info=&#8221;{}&#8221;][et_pb_column type=&#8221;4_4&#8243; _builder_version=&#8221;4.27.2&#8243; _module_preset=&#8221;default&#8221; global_colors_info=&#8221;{}&#8221;][et_pb_text module_id=&#8221;WrappText&#8221; module_class=&#8221;Description active&#8221; _builder_version=&#8221;4.27.2&#8243; _module_preset=&#8221;default&#8221; text_font=&#8221;Poppins|300|||||||&#8221; text_line_height=&#8221;1.2em&#8221; hover_enabled=&#8221;0&#8243; global_colors_info=&#8221;{}&#8221; sticky_enabled=&#8221;0&#8243;]<\/p>\n<div class=\"tabs_block\">\n<div class=\"tabs_block1\">\n<div class=\"text\">\n<h3>Erleben Sie First-Class-Reisen: Mercedes V-Klasse Flughafen-Transfer mit Gep\u00e4ckanh\u00e4nger (Schweiz)<\/h3>\n<p>Vergessen Sie den Stress, mit \u00f6ffentlichen Verkehrsmitteln zu navigieren oder sich mit Ihrem Gep\u00e4ck in enge Taxis zu quetschen.<\/p>\n<p>Bringen Sie Ihre Ankunft in der Schweiz auf ein v\u00f6llig neues Niveau von Komfort und Raffinesse mit unserem exklusiven Mercedes V-Klasse Flughafen-Transfer-Service.<\/p>\n<p>Dieser beeindruckende VIP-Minivan ist f\u00fcr Gruppen von bis zu sechs Passagieren konzipiert und bietet ein unvergleichliches Reiseerlebnis.<\/p>\n<p>Stellen Sie sich vor, Sie steigen aus Ihrem Flugzeug und werden von den eleganten Linien und der luxuri\u00f6sen Pr\u00e4senz der Mercedes V-Klasse begr\u00fc\u00dft.<\/p>\n<p>Treten Sie ein und lassen Sie sich von dem luxuri\u00f6sen wei\u00dfen Lederinterieur umh\u00fcllen, das darauf ausgelegt ist, Sie w\u00e4hrend Ihrer Reise in Komfort zu wiegen.<\/p>\n<p>Die separate Klimaanlage sorgt daf\u00fcr, dass jeder die bevorzugte Temperatur genie\u00dft, w\u00e4hrend die elektrischen Schiebet\u00fcren und der elektrische Gep\u00e4ckraum eine m\u00fchelose Bequemlichkeit bieten.<\/p>\n<p>Aber der Luxus endet hier nicht.<\/p>\n<p>Unsere V-Klasse bietet au\u00dfergew\u00f6hnliche Annehmlichkeiten, die Ihr Reiseerlebnis aufwerten.<\/p>\n<p>Bleiben Sie verbunden und unterhalten Sie sich mit dem erstklassigen \u201eBurmester\u201c-Multimediasystem.<\/p>\n<p>Genie\u00dfen Sie Ruhe und Frieden auf Ihrer Reise dank der hervorragenden Ger\u00e4uschisolierung und dem get\u00f6nten Glas des Fahrzeugs.<\/p>\n<p>Und f\u00fcr diejenigen, die in den k\u00fchleren Monaten ankommen, sorgt das autonome Heizsystem f\u00fcr eine warme und einladende Atmosph\u00e4re.<\/p>\n<p>Was unseren Service wirklich auszeichnet, ist das ger\u00e4umige Gep\u00e4ckabteil, das m\u00fchelos das gesamte Gep\u00e4ck Ihrer Gruppe aufnimmt.<\/p>\n<p>Wir wissen, dass das Reisen mit sperrigem Equipment oder Sportger\u00e4ten eine Herausforderung sein kann. Deshalb bieten wir die Option eines speziellen Gep\u00e4ckanh\u00e4ngers an, der zus\u00e4tzlich 630 Liter sicheren Stauraum f\u00fcr Ihre Sachen bietet.<\/p>\n<p>Egal, ob Sie in Z\u00fcrich oder Genf ankommen, unser Mercedes V-Klasse Flughafentransfer-Service sorgt f\u00fcr einen nahtlosen und stilvollen \u00dcbergang vom Flughafen zu Ihrem Zielort.<\/p>\n<p>Mit kostenlosem WLAN an Bord k\u00f6nnen Sie verbunden bleiben oder sich einfach entspannen und die wundersch\u00f6ne Schweizer Landschaft genie\u00dfen.<\/p>\n<p>Verabschieden Sie sich von den gew\u00f6hnlichen Flughafen-Transfer-Erlebnissen und kommen Sie stilvoll an.<\/p>\n<p><strong>Kontaktieren Sie uns noch heute f\u00fcr ein Angebot und entdecken Sie den ultimativen Komfort und die Bequemlichkeit eines Mercedes V-Klasse Flughafen-Transfers mit Gep\u00e4ckanh\u00e4nger in der Schweiz.<\/strong>.<\/p>\n<\/div>\n<\/div>\n<\/div>\n<p>[\/et_pb_text][et_pb_text module_id=&#8221;WrappText&#8221; module_class=&#8221;Characteristics&#8221; _builder_version=&#8221;4.27.2&#8243; _module_preset=&#8221;default&#8221; text_font=&#8221;Poppins|300|||||||&#8221; text_line_height=&#8221;1.2em&#8221; global_colors_info=&#8221;{}&#8221;]<\/p>\n<div class=\"tabs_block\">\n<div class=\"tabs_block1\">\n<div class=\"text\">\n<div class=\"pr-rowprop\">\n<p style=\"text-align: justify;\"><span class=\"pr-mes\">\u00a0<\/span><\/p>\n<table border=\"1\" style=\"border-collapse: collapse; width: 100%;\">\n<tbody>\n<tr>\n<td style=\"width: 50%;\"><span class=\"pr-mes\">Farbe<\/span><\/td>\n<td style=\"width: 50%;\">Schwarz<\/td>\n<\/tr>\n<tr>\n<td style=\"width: 50%;\"><span class=\"pr-mes\">Anzahl der Passagiere<\/span><\/td>\n<td style=\"width: 50%;\">6<\/td>\n<\/tr>\n<tr>\n<td style=\"width: 50%;\">Anzahl des Gep\u00e4cks<\/td>\n<td style=\"width: 50%;\">4<\/td>\n<\/tr>\n<tr>\n<td style=\"width: 50%;\">Gep\u00e4ckanh\u00e4nger<\/td>\n<td style=\"width: 50%;\">Ja<\/td>\n<\/tr>\n<tr>\n<td style=\"width: 50%;\">Karosserietyp<\/td>\n<td style=\"width: 50%;\">Minivan<\/td>\n<\/tr>\n<\/tbody>\n<\/table>\n<p style=\"text-align: justify;\">\n<\/div>\n<div class=\"pr-rowprop\">\n<div class=\"pr-bbb\"><\/div>\n<\/div>\n<div class=\"pr-rowprop\">\n<div class=\"pr-bbb\"><\/div>\n<\/div>\n<\/div>\n<\/div>\n<\/div>\n<p>[\/et_pb_text][et_pb_text module_id=&#8221;WrappText&#8221; module_class=&#8221;Payment&#8221; _builder_version=&#8221;4.27.2&#8243; _module_preset=&#8221;default&#8221; text_font=&#8221;Poppins|300|||||||&#8221; text_line_height=&#8221;1.2em&#8221; global_colors_info=&#8221;{}&#8221;]<\/p>\n<div class=\"tabs_block\">\n<div class=\"tabs_block1\">\n<div class=\"text\">\n<p class=\"translation-block\"><strong>Die Zahlung f\u00fcr den Transfer<\/strong><span> <\/span>erfolgt per Bank\u00fcberweisung oder bar.<\/p>\n<ul>\n<li style=\"list-style-type: none;\">\n<ul>\n<li>Wir stellen alle Zahlungsdokumente zur Verf\u00fcgung.<\/li>\n<li>Zahlung in bar am Treffpunkt oder per Kreditkarte direkt im Auto (es gibt ein Terminal f\u00fcr VISA- und MasterCard-Karten).<\/li>\n<\/ul>\n<\/li>\n<\/ul>\n<ul><\/ul>\n<\/div>\n<\/div>\n<\/div>\n<p>[\/et_pb_text][\/et_pb_column][\/et_pb_row][et_pb_row _builder_version=&#8221;4.27.2&#8243; _module_preset=&#8221;default&#8221; global_colors_info=&#8221;{}&#8221;][et_pb_column type=&#8221;4_4&#8243; _builder_version=&#8221;4.27.2&#8243; _module_preset=&#8221;default&#8221; global_colors_info=&#8221;{}&#8221;][et_pb_code _builder_version=&#8221;4.27.2&#8243; _module_preset=&#8221;default&#8221; global_colors_info=&#8221;{}&#8221;]<script><!-- [et_pb_line_break_holder] -->$(document).ready(function(){<!-- [et_pb_line_break_holder] --> $('.ButtonS').on('click', function(){<!-- [et_pb_line_break_holder] -->$(\".ButtonS\").removeClass('activeButton'); <!-- [et_pb_line_break_holder] -->   let articles=  document.querySelectorAll(\"#WrappText\")<!-- [et_pb_line_break_holder] -->   for (let i = 0; i < articles.length; i++) {<!-- [et_pb_line_break_holder] -->  articles[i].style.display=\"none\";<!-- [et_pb_line_break_holder] -->  <!-- [et_pb_line_break_holder] -->}<!-- [et_pb_line_break_holder] -->   $(this).addClass(\"activeButton\");  $('.'+$(this).attr('id')).css(\"display\",\"block\")<!-- [et_pb_line_break_holder] --> } )<!-- [et_pb_line_break_holder] -->})<!-- [et_pb_line_break_holder] --><\/script>[\/et_pb_code][\/et_pb_column][\/et_pb_row][\/et_pb_section]<\/p>","protected":false},"excerpt":{"rendered":"<p>Experience First Class Travel: Mercedes V-Class Airport Transfer with Luggage Trailer (Switzerland) Forget the stress of navigating public transportation or squeezing into cramped taxis with your luggage. Take your Switzerland arrival to a whole new level of comfort and sophistication with our exclusive Mercedes V-Class airport transfer service. This stunning VIP minivan caters to groups [&hellip;]<\/p>","protected":false},"author":1,"featured_media":561,"comment_status":"open","ping_status":"closed","sticky":false,"template":"","format":"standard","meta":{"_et_pb_use_builder":"on","_et_pb_old_content":"","_et_gb_content_width":"1080","footnotes":""},"categories":[5,13],"tags":[],"class_list":["post-560","post","type-post","status-publish","format-standard","has-post-thumbnail","hentry","category-luxury","category-minivans"],"yoast_head":"<!-- This site is optimized with the Yoast SEO plugin v26.4 - https:\/\/yoast.com\/wordpress\/plugins\/seo\/ -->\n<title>Mercedes V-Class 250d - Swtrip<\/title>\n<meta name=\"robots\" content=\"index, follow, max-snippet:-1, max-image-preview:large, max-video-preview:-1\" \/>\n<link rel=\"canonical\" href=\"https:\/\/swiss-trip.ch\/de\/mercedes-v-class-250d\/\" \/>\n<meta property=\"og:locale\" content=\"de_DE\" \/>\n<meta property=\"og:type\" content=\"article\" \/>\n<meta property=\"og:title\" content=\"Mercedes V-Class 250d - Swtrip\" \/>\n<meta property=\"og:description\" content=\"Experience First Class Travel: Mercedes V-Class Airport Transfer with Luggage Trailer (Switzerland) Forget the stress of navigating public transportation or squeezing into cramped taxis with your luggage. Take your Switzerland arrival to a whole new level of comfort and sophistication with our exclusive Mercedes V-Class airport transfer service. This stunning VIP minivan caters to groups [&hellip;]\" \/>\n<meta property=\"og:url\" content=\"https:\/\/swiss-trip.ch\/de\/mercedes-v-class-250d\/\" \/>\n<meta property=\"og:site_name\" content=\"Swtrip\" \/>\n<meta property=\"article:published_time\" content=\"2024-11-11T20:12:09+00:00\" \/>\n<meta property=\"article:modified_time\" content=\"2024-12-13T16:15:43+00:00\" \/>\n<meta property=\"og:image\" content=\"https:\/\/swiss-trip.ch\/wp-content\/uploads\/2024\/11\/dd8e1dd647775cc8a2134c78e1716ec0-jpg.avif\" \/>\n\t<meta property=\"og:image:width\" content=\"1280\" \/>\n\t<meta property=\"og:image:height\" content=\"1028\" \/>\n\t<meta property=\"og:image:type\" content=\"image\/jpeg\" \/>\n<meta name=\"author\" content=\"webposeidon50\" \/>\n<meta name=\"twitter:card\" content=\"summary_large_image\" \/>\n<meta name=\"twitter:label1\" content=\"Geschrieben von\" \/>\n\t<meta name=\"twitter:data1\" content=\"webposeidon50\" \/>\n\t<meta name=\"twitter:label2\" content=\"Gesch\u00e4tzte Lesezeit\" \/>\n\t<meta name=\"twitter:data2\" content=\"4\u00a0Minuten\" \/>\n<script type=\"application\/ld+json\" class=\"yoast-schema-graph\">{\"@context\":\"https:\/\/schema.org\",\"@graph\":[{\"@type\":\"Article\",\"@id\":\"https:\/\/swiss-trip.ch\/mercedes-v-class-250d\/#article\",\"isPartOf\":{\"@id\":\"https:\/\/swiss-trip.ch\/mercedes-v-class-250d\/\"},\"author\":{\"name\":\"webposeidon50\",\"@id\":\"https:\/\/swiss-trip.ch\/en\/#\/schema\/person\/ddf8cc07848b04eb3803b76feb9bb6aa\"},\"headline\":\"Mercedes V-Class 250d\",\"datePublished\":\"2024-11-11T20:12:09+00:00\",\"dateModified\":\"2024-12-13T16:15:43+00:00\",\"mainEntityOfPage\":{\"@id\":\"https:\/\/swiss-trip.ch\/mercedes-v-class-250d\/\"},\"wordCount\":796,\"commentCount\":0,\"publisher\":{\"@id\":\"https:\/\/swiss-trip.ch\/en\/#organization\"},\"image\":{\"@id\":\"https:\/\/swiss-trip.ch\/mercedes-v-class-250d\/#primaryimage\"},\"thumbnailUrl\":\"https:\/\/swiss-trip.ch\/wp-content\/uploads\/2024\/11\/dd8e1dd647775cc8a2134c78e1716ec0-jpg.avif\",\"articleSection\":[\"Luxury\",\"Minivans\"],\"inLanguage\":\"de-CH\",\"potentialAction\":[{\"@type\":\"CommentAction\",\"name\":\"Comment\",\"target\":[\"https:\/\/swiss-trip.ch\/mercedes-v-class-250d\/#respond\"]}]},{\"@type\":\"WebPage\",\"@id\":\"https:\/\/swiss-trip.ch\/mercedes-v-class-250d\/\",\"url\":\"https:\/\/swiss-trip.ch\/mercedes-v-class-250d\/\",\"name\":\"Mercedes V-Class 250d - Swtrip\",\"isPartOf\":{\"@id\":\"https:\/\/swiss-trip.ch\/en\/#website\"},\"primaryImageOfPage\":{\"@id\":\"https:\/\/swiss-trip.ch\/mercedes-v-class-250d\/#primaryimage\"},\"image\":{\"@id\":\"https:\/\/swiss-trip.ch\/mercedes-v-class-250d\/#primaryimage\"},\"thumbnailUrl\":\"https:\/\/swiss-trip.ch\/wp-content\/uploads\/2024\/11\/dd8e1dd647775cc8a2134c78e1716ec0-jpg.avif\",\"datePublished\":\"2024-11-11T20:12:09+00:00\",\"dateModified\":\"2024-12-13T16:15:43+00:00\",\"breadcrumb\":{\"@id\":\"https:\/\/swiss-trip.ch\/mercedes-v-class-250d\/#breadcrumb\"},\"inLanguage\":\"de-CH\",\"potentialAction\":[{\"@type\":\"ReadAction\",\"target\":[\"https:\/\/swiss-trip.ch\/mercedes-v-class-250d\/\"]}]},{\"@type\":\"ImageObject\",\"inLanguage\":\"de-CH\",\"@id\":\"https:\/\/swiss-trip.ch\/mercedes-v-class-250d\/#primaryimage\",\"url\":\"https:\/\/swiss-trip.ch\/wp-content\/uploads\/2024\/11\/dd8e1dd647775cc8a2134c78e1716ec0-jpg.avif\",\"contentUrl\":\"https:\/\/swiss-trip.ch\/wp-content\/uploads\/2024\/11\/dd8e1dd647775cc8a2134c78e1716ec0-jpg.avif\",\"width\":1280,\"height\":1028},{\"@type\":\"BreadcrumbList\",\"@id\":\"https:\/\/swiss-trip.ch\/mercedes-v-class-250d\/#breadcrumb\",\"itemListElement\":[{\"@type\":\"ListItem\",\"position\":1,\"name\":\"Home\",\"item\":\"https:\/\/swiss-trip.ch\/\"},{\"@type\":\"ListItem\",\"position\":2,\"name\":\"Mercedes V-Class 250d\"}]},{\"@type\":\"WebSite\",\"@id\":\"https:\/\/swiss-trip.ch\/en\/#website\",\"url\":\"https:\/\/swiss-trip.ch\/en\/\",\"name\":\"Swiss-Trip\",\"description\":\"\",\"publisher\":{\"@id\":\"https:\/\/swiss-trip.ch\/en\/#organization\"},\"potentialAction\":[{\"@type\":\"SearchAction\",\"target\":{\"@type\":\"EntryPoint\",\"urlTemplate\":\"https:\/\/swiss-trip.ch\/en\/?s={search_term_string}\"},\"query-input\":{\"@type\":\"PropertyValueSpecification\",\"valueRequired\":true,\"valueName\":\"search_term_string\"}}],\"inLanguage\":\"de-CH\"},{\"@type\":\"Organization\",\"@id\":\"https:\/\/swiss-trip.ch\/en\/#organization\",\"name\":\"Swiss-Trip\",\"url\":\"https:\/\/swiss-trip.ch\/en\/\",\"logo\":{\"@type\":\"ImageObject\",\"inLanguage\":\"de-CH\",\"@id\":\"https:\/\/swiss-trip.ch\/en\/#\/schema\/logo\/image\/\",\"url\":\"https:\/\/swiss-trip.ch\/wp-content\/uploads\/2024\/11\/cropped-logowhite.png\",\"contentUrl\":\"https:\/\/swiss-trip.ch\/wp-content\/uploads\/2024\/11\/cropped-logowhite.png\",\"width\":512,\"height\":512,\"caption\":\"Swiss-Trip\"},\"image\":{\"@id\":\"https:\/\/swiss-trip.ch\/en\/#\/schema\/logo\/image\/\"}},{\"@type\":\"Person\",\"@id\":\"https:\/\/swiss-trip.ch\/en\/#\/schema\/person\/ddf8cc07848b04eb3803b76feb9bb6aa\",\"name\":\"webposeidon50\",\"image\":{\"@type\":\"ImageObject\",\"inLanguage\":\"de-CH\",\"@id\":\"https:\/\/swiss-trip.ch\/en\/#\/schema\/person\/image\/\",\"url\":\"https:\/\/secure.gravatar.com\/avatar\/b9d28bfba9c74afc3b521e14f3b87ee72880f28ad64065c9e4da6dc0f53991a5?s=96&d=mm&r=g\",\"contentUrl\":\"https:\/\/secure.gravatar.com\/avatar\/b9d28bfba9c74afc3b521e14f3b87ee72880f28ad64065c9e4da6dc0f53991a5?s=96&d=mm&r=g\",\"caption\":\"webposeidon50\"},\"sameAs\":[\"https:\/\/agensium.com\"],\"url\":\"https:\/\/swiss-trip.ch\/de\/author\/webposeidon50\/\"}]}<\/script>\n<!-- \/ Yoast SEO plugin. -->","yoast_head_json":{"title":"Mercedes V-Class 250d - Swtrip","robots":{"index":"index","follow":"follow","max-snippet":"max-snippet:-1","max-image-preview":"max-image-preview:large","max-video-preview":"max-video-preview:-1"},"canonical":"https:\/\/swiss-trip.ch\/de\/mercedes-v-class-250d\/","og_locale":"de_DE","og_type":"article","og_title":"Mercedes V-Class 250d - Swtrip","og_description":"Experience First Class Travel: Mercedes V-Class Airport Transfer with Luggage Trailer (Switzerland) Forget the stress of navigating public transportation or squeezing into cramped taxis with your luggage. Take your Switzerland arrival to a whole new level of comfort and sophistication with our exclusive Mercedes V-Class airport transfer service. This stunning VIP minivan caters to groups [&hellip;]","og_url":"https:\/\/swiss-trip.ch\/de\/mercedes-v-class-250d\/","og_site_name":"Swtrip","article_published_time":"2024-11-11T20:12:09+00:00","article_modified_time":"2024-12-13T16:15:43+00:00","og_image":[{"width":1280,"height":1028,"url":"https:\/\/swiss-trip.ch\/wp-content\/uploads\/2024\/11\/dd8e1dd647775cc8a2134c78e1716ec0-jpg.avif","type":"image\/jpeg"}],"author":"webposeidon50","twitter_card":"summary_large_image","twitter_misc":{"Geschrieben von":"webposeidon50","Gesch\u00e4tzte Lesezeit":"4\u00a0Minuten"},"schema":{"@context":"https:\/\/schema.org","@graph":[{"@type":"Article","@id":"https:\/\/swiss-trip.ch\/mercedes-v-class-250d\/#article","isPartOf":{"@id":"https:\/\/swiss-trip.ch\/mercedes-v-class-250d\/"},"author":{"name":"webposeidon50","@id":"https:\/\/swiss-trip.ch\/en\/#\/schema\/person\/ddf8cc07848b04eb3803b76feb9bb6aa"},"headline":"Mercedes V-Class 250d","datePublished":"2024-11-11T20:12:09+00:00","dateModified":"2024-12-13T16:15:43+00:00","mainEntityOfPage":{"@id":"https:\/\/swiss-trip.ch\/mercedes-v-class-250d\/"},"wordCount":796,"commentCount":0,"publisher":{"@id":"https:\/\/swiss-trip.ch\/en\/#organization"},"image":{"@id":"https:\/\/swiss-trip.ch\/mercedes-v-class-250d\/#primaryimage"},"thumbnailUrl":"https:\/\/swiss-trip.ch\/wp-content\/uploads\/2024\/11\/dd8e1dd647775cc8a2134c78e1716ec0-jpg.avif","articleSection":["Luxury","Minivans"],"inLanguage":"de-CH","potentialAction":[{"@type":"CommentAction","name":"Comment","target":["https:\/\/swiss-trip.ch\/mercedes-v-class-250d\/#respond"]}]},{"@type":"WebPage","@id":"https:\/\/swiss-trip.ch\/mercedes-v-class-250d\/","url":"https:\/\/swiss-trip.ch\/mercedes-v-class-250d\/","name":"Mercedes V-Class 250d - Swtrip","isPartOf":{"@id":"https:\/\/swiss-trip.ch\/en\/#website"},"primaryImageOfPage":{"@id":"https:\/\/swiss-trip.ch\/mercedes-v-class-250d\/#primaryimage"},"image":{"@id":"https:\/\/swiss-trip.ch\/mercedes-v-class-250d\/#primaryimage"},"thumbnailUrl":"https:\/\/swiss-trip.ch\/wp-content\/uploads\/2024\/11\/dd8e1dd647775cc8a2134c78e1716ec0-jpg.avif","datePublished":"2024-11-11T20:12:09+00:00","dateModified":"2024-12-13T16:15:43+00:00","breadcrumb":{"@id":"https:\/\/swiss-trip.ch\/mercedes-v-class-250d\/#breadcrumb"},"inLanguage":"de-CH","potentialAction":[{"@type":"ReadAction","target":["https:\/\/swiss-trip.ch\/mercedes-v-class-250d\/"]}]},{"@type":"ImageObject","inLanguage":"de-CH","@id":"https:\/\/swiss-trip.ch\/mercedes-v-class-250d\/#primaryimage","url":"https:\/\/swiss-trip.ch\/wp-content\/uploads\/2024\/11\/dd8e1dd647775cc8a2134c78e1716ec0-jpg.avif","contentUrl":"https:\/\/swiss-trip.ch\/wp-content\/uploads\/2024\/11\/dd8e1dd647775cc8a2134c78e1716ec0-jpg.avif","width":1280,"height":1028},{"@type":"BreadcrumbList","@id":"https:\/\/swiss-trip.ch\/mercedes-v-class-250d\/#breadcrumb","itemListElement":[{"@type":"ListItem","position":1,"name":"Home","item":"https:\/\/swiss-trip.ch\/"},{"@type":"ListItem","position":2,"name":"Mercedes V-Class 250d"}]},{"@type":"WebSite","@id":"https:\/\/swiss-trip.ch\/en\/#website","url":"https:\/\/swiss-trip.ch\/en\/","name":"Swiss-Trip","description":"","publisher":{"@id":"https:\/\/swiss-trip.ch\/en\/#organization"},"potentialAction":[{"@type":"SearchAction","target":{"@type":"EntryPoint","urlTemplate":"https:\/\/swiss-trip.ch\/en\/?s={search_term_string}"},"query-input":{"@type":"PropertyValueSpecification","valueRequired":true,"valueName":"search_term_string"}}],"inLanguage":"de-CH"},{"@type":"Organization","@id":"https:\/\/swiss-trip.ch\/en\/#organization","name":"Swiss-Trip","url":"https:\/\/swiss-trip.ch\/en\/","logo":{"@type":"ImageObject","inLanguage":"de-CH","@id":"https:\/\/swiss-trip.ch\/en\/#\/schema\/logo\/image\/","url":"https:\/\/swiss-trip.ch\/wp-content\/uploads\/2024\/11\/cropped-logowhite.png","contentUrl":"https:\/\/swiss-trip.ch\/wp-content\/uploads\/2024\/11\/cropped-logowhite.png","width":512,"height":512,"caption":"Swiss-Trip"},"image":{"@id":"https:\/\/swiss-trip.ch\/en\/#\/schema\/logo\/image\/"}},{"@type":"Person","@id":"https:\/\/swiss-trip.ch\/en\/#\/schema\/person\/ddf8cc07848b04eb3803b76feb9bb6aa","name":"webposeidon50","image":{"@type":"ImageObject","inLanguage":"de-CH","@id":"https:\/\/swiss-trip.ch\/en\/#\/schema\/person\/image\/","url":"https:\/\/secure.gravatar.com\/avatar\/b9d28bfba9c74afc3b521e14f3b87ee72880f28ad64065c9e4da6dc0f53991a5?s=96&d=mm&r=g","contentUrl":"https:\/\/secure.gravatar.com\/avatar\/b9d28bfba9c74afc3b521e14f3b87ee72880f28ad64065c9e4da6dc0f53991a5?s=96&d=mm&r=g","caption":"webposeidon50"},"sameAs":["https:\/\/agensium.com"],"url":"https:\/\/swiss-trip.ch\/de\/author\/webposeidon50\/"}]}},"_links":{"self":[{"href":"https:\/\/swiss-trip.ch\/de\/wp-json\/wp\/v2\/posts\/560","targetHints":{"allow":["GET"]}}],"collection":[{"href":"https:\/\/swiss-trip.ch\/de\/wp-json\/wp\/v2\/posts"}],"about":[{"href":"https:\/\/swiss-trip.ch\/de\/wp-json\/wp\/v2\/types\/post"}],"author":[{"embeddable":true,"href":"https:\/\/swiss-trip.ch\/de\/wp-json\/wp\/v2\/users\/1"}],"replies":[{"embeddable":true,"href":"https:\/\/swiss-trip.ch\/de\/wp-json\/wp\/v2\/comments?post=560"}],"version-history":[{"count":4,"href":"https:\/\/swiss-trip.ch\/de\/wp-json\/wp\/v2\/posts\/560\/revisions"}],"predecessor-version":[{"id":2640,"href":"https:\/\/swiss-trip.ch\/de\/wp-json\/wp\/v2\/posts\/560\/revisions\/2640"}],"wp:featuredmedia":[{"embeddable":true,"href":"https:\/\/swiss-trip.ch\/de\/wp-json\/wp\/v2\/media\/561"}],"wp:attachment":[{"href":"https:\/\/swiss-trip.ch\/de\/wp-json\/wp\/v2\/media?parent=560"}],"wp:term":[{"taxonomy":"category","embeddable":true,"href":"https:\/\/swiss-trip.ch\/de\/wp-json\/wp\/v2\/categories?post=560"},{"taxonomy":"post_tag","embeddable":true,"href":"https:\/\/swiss-trip.ch\/de\/wp-json\/wp\/v2\/tags?post=560"}],"curies":[{"name":"wp","href":"https:\/\/api.w.org\/{rel}","templated":true}]}}