{"id":948,"date":"2024-11-13T13:55:09","date_gmt":"2024-11-13T13:55:09","guid":{"rendered":"https:\/\/agensium.com\/?p=948"},"modified":"2024-11-13T14:03:35","modified_gmt":"2024-11-13T14:03:35","slug":"the-great-reset-of-2021-post-pandemic-period","status":"publish","type":"post","link":"https:\/\/swiss-trip.ch\/de\/the-great-reset-of-2021-post-pandemic-period\/","title":{"rendered":"Der gro\u00dfe Reset 2021: Zeit nach der Pandemie"},"content":{"rendered":"<p>[et_pb_section fb_built=&#8221;1&#8243; theme_builder_area=&#8221;post_content&#8221; _builder_version=&#8221;4.27.2&#8243; _module_preset=&#8221;default&#8221; custom_padding=&#8221;|15px||15px|false|true&#8221; hover_enabled=&#8221;0&#8243; sticky_enabled=&#8221;0&#8243;][et_pb_row _builder_version=&#8221;4.27.2&#8243; _module_preset=&#8221;default&#8221; theme_builder_area=&#8221;post_content&#8221; width=&#8221;100%&#8221; max_width=&#8221;2560px&#8221; hover_enabled=&#8221;0&#8243; sticky_enabled=&#8221;0&#8243;][et_pb_column _builder_version=&#8221;4.27.2&#8243; _module_preset=&#8221;default&#8221; type=&#8221;4_4&#8243; theme_builder_area=&#8221;post_content&#8221;][et_pb_heading title=&#8221;The Great Reset of 2021: post-pandemic period&#8221; _builder_version=&#8221;4.27.2&#8243; _module_preset=&#8221;default&#8221; theme_builder_area=&#8221;post_content&#8221; title_font=&#8221;|700|||||||&#8221; hover_enabled=&#8221;0&#8243; sticky_enabled=&#8221;0&#8243;][\/et_pb_heading][\/et_pb_column][\/et_pb_row][et_pb_row _builder_version=&#8221;4.27.2&#8243; _module_preset=&#8221;default&#8221; theme_builder_area=&#8221;post_content&#8221; column_structure=&#8221;1_2,1_2&#8243; use_custom_gutter=&#8221;on&#8221; gutter_width=&#8221;1&#8243; max_width=&#8221;2560px&#8221; width=&#8221;100%&#8221; hover_enabled=&#8221;0&#8243; sticky_enabled=&#8221;0&#8243; custom_padding=&#8221;0px|||||&#8221;][et_pb_column _builder_version=&#8221;4.27.2&#8243; _module_preset=&#8221;default&#8221; type=&#8221;1_2&#8243; theme_builder_area=&#8221;post_content&#8221;][et_pb_text _builder_version=&#8221;4.27.2&#8243; _module_preset=&#8221;default&#8221; theme_builder_area=&#8221;post_content&#8221; hover_enabled=&#8221;0&#8243; sticky_enabled=&#8221;0&#8243;]<\/p>\n<p>Vom 18. bis 21. Mai 2021 findet auf dem B\u00fcrgenstock am Vierwaldst\u00e4ttersee ein revolution\u00e4res Gipfeltreffen in einem brandneuen Format zum Thema \u201eThe Great Reset\u201c statt. Es wird erwartet, dass viele junge Menschen am 51. Weltwirtschaftsforum teilnehmen werden, dank der virtuellen Kommunikationsmittel w\u00e4hrend der Webcasts. Der Gipfel wird die wichtigsten F\u00fchrungspers\u00f6nlichkeiten der Schweizer Wirtschaft mit einem globalen Netzwerk von Interessierten aus vielen St\u00e4dten der Welt verbinden und das Jahrestreffen f\u00fcr alle zug\u00e4nglich machen. Dar\u00fcber hinaus werden soziale Netzwerke und Medien Millionen von Menschen helfen und den Zugang zu Diskussionen gew\u00e4hrleisten, bei denen alle Interessierten ihre Meinungen austauschen k\u00f6nnen.<\/p>\n<p>Klaus Schwab, gesch\u00e4ftsf\u00fchrender Vorsitzender des Weltwirtschaftsforums, erkl\u00e4rte, dass nach der COVID-19-Krise die meisten Standardpraktiken im Hinblick auf den sozialen Zusammenhalt nicht mehr f\u00fcr das 21. Dar\u00fcber hinaus haben die durch die Pandemie verursachten wirtschaftlichen, sozialen und politischen Verwerfungen Schwachstellen in den Gesundheits-, Finanz- und Energiesystemen auf der ganzen Welt offengelegt.<\/p>\n<p>Er sagte auch, dass die COVID-19-Krise den globalen Wandel beschleunigt und den Weg f\u00fcr die vierte industrielle Revolution geebnet habe. Er wies darauf hin, dass die L\u00e4nder sicherstellen m\u00fcssen, dass die neuen Technologien auf den Menschen zugeschnitten sind und der Menschheit zugute kommen, indem sie allen einen fairen Zugang gew\u00e4hren.<\/p>\n<p>Themen im Zusammenhang mit dem Klimawandel und seinen katastrophalen Folgen f\u00fcr die Menschheit und den Planeten werden eine der Hauptpriorit\u00e4ten auf diesem Gipfel sein.<\/p>\n<p>Klaus Schwab zufolge m\u00fcssen wir, da wir auf demselben Planeten leben, verstehen, dass der Klimawandel zu einer globalen Katastrophe mit wirklich dramatischen Folgen f\u00fcr die Menschheit werden kann. Unser Ziel ist es daher, die Wirtschaft so schnell wie m\u00f6glich zu dekarbonisieren und unsere Einstellung und Strategie zu \u00e4ndern, um Zeit zu gewinnen und die \u00dcberreste zu sch\u00fctzen.<\/p>\n<p><span>Der Generalsekret\u00e4r der Vereinten Nationen, Ant\u00f3nio Guterres, stimmte zu, dass \u201eReset\u201c ein gro\u00dfartiges Zeichen ist, das uns die bestehende Situation zeigt. Diese Krise ist ein Notsignal f\u00fcr die gesamte Menschheit. Er schlug den Regierungen vor, ihre Kr\u00e4fte zu b\u00fcndeln, um eine brandneue, gleichberechtigte Gesellschaft und Wirtschaft aufzubauen, die angesichts von Pandemien und einer weiteren globalen Krise stabiler sein wird.<\/span><\/p>\n<p>[\/et_pb_text][\/et_pb_column][et_pb_column _builder_version=&#8221;4.27.2&#8243; _module_preset=&#8221;default&#8221; type=&#8221;1_2&#8243; theme_builder_area=&#8221;post_content&#8221;][et_pb_image src=&#8221;https:\/\/agensium.com\/wp-content\/uploads\/2024\/11\/b932a9b2efd37983019f8c1fb931cbba-jpg.avif&#8221; _builder_version=&#8221;4.27.2&#8243; _module_preset=&#8221;default&#8221; theme_builder_area=&#8221;post_content&#8221; title_text=&#8221;b932a9b2efd37983019f8c1fb931cbba&#8221; hover_enabled=&#8221;0&#8243; sticky_enabled=&#8221;0&#8243; align=&#8221;right&#8221;][\/et_pb_image][\/et_pb_column][\/et_pb_row][et_pb_row _builder_version=&#8221;4.27.2&#8243; _module_preset=&#8221;default&#8221; theme_builder_area=&#8221;post_content&#8221; width=&#8221;100%&#8221; max_width=&#8221;2560px&#8221; hover_enabled=&#8221;0&#8243; sticky_enabled=&#8221;0&#8243; custom_padding=&#8221;0px|||||&#8221;][et_pb_column _builder_version=&#8221;4.27.2&#8243; _module_preset=&#8221;default&#8221; type=&#8221;4_4&#8243; theme_builder_area=&#8221;post_content&#8221;][et_pb_text _builder_version=&#8221;4.27.2&#8243; _module_preset=&#8221;default&#8221; theme_builder_area=&#8221;post_content&#8221; hover_enabled=&#8221;0&#8243; sticky_enabled=&#8221;0&#8243;]<\/p>\n<p>Der Prinz von Wales vertrat auch die Ansicht, dass es notwendig sei, ein Wirtschaftsmodell zu entwickeln, bei dem der Planet und seine Bev\u00f6lkerung in einem globalen Sinne den h\u00f6chsten Wert haben. Diese Krise hat gezeigt, dass die Gesellschaft verpflichtet ist, respektvoller und sorgf\u00e4ltiger mit der Natur umzugehen. Die Natur muss st\u00e4ndig unter Beobachtung stehen. Die Menschen d\u00fcrfen einfach keine Zeit mehr verschwenden.<\/p>\n<p>Die weltweite Pandemie hat die Beziehungen zwischen den Gemeinschaften verdeutlicht. Das System der Globalisierung muss neu aufgebaut werden, und es muss ein neuer Plan zur L\u00f6sung der Probleme f\u00fcr die n\u00e4chsten f\u00fcnfzig Jahre entwickelt werden.<\/p>\n<p>All diese Ma\u00dfnahmen werden die Integration der weltweiten Gemeinschaften mit sich bringen. Sie m\u00fcssen von einer kurzfristigen zu einer langfristigen Denkweise \u00fcbergehen, die Beziehungen zwischen den Aktion\u00e4ren und dem Markt vergessen und \u00fcber die Verantwortung der Stakeholder nachdenken. Verantwortungsvolle Unternehmensf\u00fchrung sollte eine Verpflichtung f\u00fcr jede Nation sein, sagte Schwab.<\/p>\n<p>Diese Erkl\u00e4rungen der Staats- und Regierungschefs fielen in eine Zeit, in der die meisten wichtigen Gipfeltreffen und Konferenzen wegen des weltweiten Ausbruchs des Coronavirus abgesagt wurden.<\/p>\n<p class=\"translation-block\">Die Firma \u201eSWISSTRIP\u201c bietet ihren Kunden einen<span> <\/span><a href=\"https:\/\/swtrip.ch\/en\/news\/group-transfer-for-business-delegations-and-tourist-groups\/#content\" target=\"_self\">VIP-Transfer<\/a><span> <\/span>zu prestigetr\u00e4chtigen Veranstaltungen wie dem Weltwirtschaftsforum an.<\/p>\n<p>Wir sind Experten in der Abwicklung von j\u00e4hrlichen Grossanl\u00e4ssen auf h\u00f6chstem Niveau und garantieren einen schnellen und sicheren Transport unserer Kunden von internationalen Flugh\u00e4fen in der Schweiz.<\/p>\n<p>Im Zusammenhang mit der laufenden Pandemie achtet unser Unternehmen besonders auf zus\u00e4tzliche sanit\u00e4re und hygienische Ma\u00dfnahmen. Wir desinfizieren Autos und Busse t\u00e4glich sowie nach jeder Fahrt. Unsere Transportmittel sind mit Handdesinfektionsmitteln und pers\u00f6nlicher Schutzausr\u00fcstung ausgestattet.<\/p>\n<p>&nbsp;<\/p>\n<p>F\u00fcr VIP-Delegationen und Gesch\u00e4ftsgruppen bieten wir Fahrzeuge der Executive Class und VIP-Busse an, die mit allem ausgestattet sind, was f\u00fcr eine bequeme und komfortable Bef\u00f6rderung erforderlich ist. In besonderen F\u00e4llen k\u00f6nnen auch ein Privatjet oder ein Hubschrauber gebucht werden.<\/p>\n<p>[\/et_pb_text][\/et_pb_column][\/et_pb_row][\/et_pb_section][et_pb_section fb_built=&#8221;1&#8243; _builder_version=&#8221;4.27.2&#8243; _module_preset=&#8221;default&#8221; background_image=&#8221;https:\/\/agensium.com\/wp-content\/uploads\/2024\/11\/autobig-png.avif&#8221; background_size=&#8221;contain&#8221; background_position=&#8221;bottom_right&#8221; background_horizontal_offset=&#8221;-250px&#8221; custom_padding=&#8221;|0px||0px|false|true&#8221; global_colors_info=&#8221;{}&#8221; theme_builder_area=&#8221;post_content&#8221;][et_pb_row column_structure=&#8221;1_3,2_3&#8243; use_custom_gutter=&#8221;on&#8221; gutter_width=&#8221;1&#8243; _builder_version=&#8221;4.27.2&#8243; _module_preset=&#8221;default&#8221; background_color=&#8221;#f7f7f7&#8243; width=&#8221;100%&#8221; custom_padding=&#8221;||||false|false&#8221; global_colors_info=&#8221;{}&#8221; theme_builder_area=&#8221;post_content&#8221;][et_pb_column type=&#8221;1_3&#8243; _builder_version=&#8221;4.27.2&#8243; _module_preset=&#8221;default&#8221; global_colors_info=&#8221;{}&#8221; theme_builder_area=&#8221;post_content&#8221;][et_pb_image src=&#8221;https:\/\/agensium.com\/wp-content\/uploads\/2024\/11\/manager-png.avif&#8221; title_text=&#8221;manager&#8221; align_tablet=&#8221;&#8221; align_phone=&#8221;center&#8221; align_last_edited=&#8221;on|phone&#8221; _builder_version=&#8221;4.27.2&#8243; _module_preset=&#8221;default&#8221; height=&#8221;350px&#8221; hover_enabled=&#8221;0&#8243; global_colors_info=&#8221;{}&#8221; theme_builder_area=&#8221;post_content&#8221; sticky_enabled=&#8221;0&#8243;][\/et_pb_image][\/et_pb_column][et_pb_column type=&#8221;2_3&#8243; _builder_version=&#8221;4.27.2&#8243; _module_preset=&#8221;default&#8221; custom_padding=&#8221;|150px|||false|false&#8221; custom_padding_tablet=&#8221;&#8221; custom_padding_phone=&#8221;|0px|||false|false&#8221; custom_padding_last_edited=&#8221;on|phone&#8221; global_colors_info=&#8221;{}&#8221; theme_builder_area=&#8221;post_content&#8221;][et_pb_text _builder_version=&#8221;4.27.2&#8243; _module_preset=&#8221;default&#8221; text_font=&#8221;Poppins|700||on|||||&#8221; text_text_color=&#8221;#000000&#8243; text_font_size=&#8221;24px&#8221; header_text_align=&#8221;left&#8221; width=&#8221;95%&#8221; width_tablet=&#8221;&#8221; width_phone=&#8221;&#8221; width_last_edited=&#8221;on|phone&#8221; max_width=&#8221;100%&#8221; max_width_tablet=&#8221;&#8221; max_width_phone=&#8221;85%&#8221; max_width_last_edited=&#8221;on|desktop&#8221; module_alignment=&#8221;center&#8221; custom_padding=&#8221;||50px||false|false&#8221; custom_padding_tablet=&#8221;&#8221; custom_padding_phone=&#8221;25px||||false|false&#8221; custom_padding_last_edited=&#8221;on|phone&#8221; module_alignment_tablet=&#8221;&#8221; module_alignment_phone=&#8221;&#8221; module_alignment_last_edited=&#8221;on|phone&#8221; border_width_bottom=&#8221;1px&#8221; global_colors_info=&#8221;{}&#8221; theme_builder_area=&#8221;post_content&#8221;]<\/p>\n<p style=\"text-align: center;\">Kontaktieren Sie unseren Unternehmensvertreter<\/p>\n<p>[\/et_pb_text][et_pb_text _builder_version=&#8221;4.27.2&#8243; _module_preset=&#8221;default&#8221; text_font=&#8221;Poppins|700||on|||||&#8221; text_text_color=&#8221;#000000&#8243; text_font_size=&#8221;24px&#8221; width=&#8221;100%&#8221; module_alignment=&#8221;center&#8221; custom_margin=&#8221;||||false|false&#8221; custom_padding=&#8221;75px||||false|false&#8221; custom_padding_tablet=&#8221;&#8221; custom_padding_phone=&#8221;25px||||false|false&#8221; custom_padding_last_edited=&#8221;on|phone&#8221; hover_enabled=&#8221;0&#8243; text_orientation_tablet=&#8221;&#8221; text_orientation_phone=&#8221;center&#8221; text_orientation_last_edited=&#8221;on|phone&#8221; global_colors_info=&#8221;{}&#8221; theme_builder_area=&#8221;post_content&#8221; sticky_enabled=&#8221;0&#8243;]<\/p>\n<p><span>Elena Mislitchi<\/span><\/p>\n<p>[\/et_pb_text][et_pb_text _builder_version=&#8221;4.27.2&#8243; _module_preset=&#8221;default&#8221; text_font=&#8221;Poppins|500||on|||||&#8221; text_text_color=&#8221;#000000&#8243; text_font_size=&#8221;18px&#8221; header_font=&#8221;||||||||&#8221; text_orientation=&#8221;right&#8221; width=&#8221;100%&#8221; module_alignment=&#8221;right&#8221; custom_padding=&#8221;25px||25px||false|false&#8221; text_orientation_tablet=&#8221;&#8221; text_orientation_phone=&#8221;center&#8221; text_orientation_last_edited=&#8221;on|phone&#8221; global_colors_info=&#8221;{}&#8221; theme_builder_area=&#8221;post_content&#8221;]<\/p>\n<p><span>Oder schreiben Sie an den Messenger:<\/span><\/p>\n<p>[\/et_pb_text][et_pb_social_media_follow _builder_version=&#8221;4.27.2&#8243; _module_preset=&#8221;default&#8221; text_orientation=&#8221;right&#8221; width=&#8221;100%&#8221; text_orientation_tablet=&#8221;&#8221; text_orientation_phone=&#8221;center&#8221; text_orientation_last_edited=&#8221;on|phone&#8221; global_colors_info=&#8221;{}&#8221; theme_builder_area=&#8221;post_content&#8221;][et_pb_social_media_follow_network social_network=&#8221;facebook&#8221; url=&#8221;https:\/\/www.facebook.com\/swiss.trip.7&#8243; _builder_version=&#8221;4.27.2&#8243; _module_preset=&#8221;default&#8221; background_color=&#8221;#3b5998&#8243; global_colors_info=&#8221;{}&#8221; theme_builder_area=&#8221;post_content&#8221; follow_button=&#8221;off&#8221; url_new_window=&#8221;on&#8221;]facebook[\/et_pb_social_media_follow_network][et_pb_social_media_follow_network social_network=&#8221;whatsapp&#8221; url=&#8221;https:\/\/api.whatsapp.com\/send?phone=41799150230&#8243; _builder_version=&#8221;4.27.2&#8243; _module_preset=&#8221;default&#8221; background_color=&#8221;#25D366&#8243; global_colors_info=&#8221;{}&#8221; theme_builder_area=&#8221;post_content&#8221; follow_button=&#8221;off&#8221; url_new_window=&#8221;on&#8221;]whatsapp[\/et_pb_social_media_follow_network][et_pb_social_media_follow_network social_network=&#8221;instagram&#8221; url=&#8221;https:\/\/www.instagram.com\/swisstrip_ch\/&#8221; _builder_version=&#8221;4.27.2&#8243; _module_preset=&#8221;default&#8221; background_color=&#8221;#ea2c59&#8243; global_colors_info=&#8221;{}&#8221; theme_builder_area=&#8221;post_content&#8221; follow_button=&#8221;off&#8221; url_new_window=&#8221;on&#8221;]instagram[\/et_pb_social_media_follow_network][et_pb_social_media_follow_network social_network=&#8221;telegram&#8221; url=&#8221;https:\/\/t.me\/swtrip&#8221; _builder_version=&#8221;4.27.2&#8243; _module_preset=&#8221;default&#8221; background_color=&#8221;#179cde&#8221; global_colors_info=&#8221;{}&#8221; theme_builder_area=&#8221;post_content&#8221; follow_button=&#8221;off&#8221; url_new_window=&#8221;on&#8221;]telegram[\/et_pb_social_media_follow_network][\/et_pb_social_media_follow][et_pb_button button_text=&#8221;Leave a message&#8221; button_alignment_tablet=&#8221;&#8221; button_alignment_phone=&#8221;center&#8221; button_alignment_last_edited=&#8221;on|phone&#8221; _builder_version=&#8221;4.27.2&#8243; _module_preset=&#8221;default&#8221; custom_button=&#8221;on&#8221; button_text_color=&#8221;#FFFFFF&#8221; button_bg_color=&#8221;#000000&#8243; button_border_radius=&#8221;9px&#8221; button_use_icon=&#8221;off&#8221; custom_margin=&#8221;15px||||false|false&#8221; global_colors_info=&#8221;{}&#8221; theme_builder_area=&#8221;post_content&#8221;][\/et_pb_button][\/et_pb_column][\/et_pb_row][\/et_pb_section]<\/p>","protected":false},"excerpt":{"rendered":"<p>From 18 to 21 May 2021, a revolutionary summit in a brand-new format about \u00abThe Great Reset\u00bb will take place in B\u00fcrgenstock on Lake Lucerne.\u00a0It is expected that a lot of young people will participate in the 51st World Economic Forum owing to the virtual means of communicationduring the webcasts. The summit will connect the [&hellip;]<\/p>","protected":false},"author":1,"featured_media":949,"comment_status":"open","ping_status":"closed","sticky":false,"template":"","format":"standard","meta":{"_et_pb_use_builder":"on","_et_pb_old_content":"","_et_gb_content_width":"2880","footnotes":""},"categories":[1],"tags":[],"class_list":["post-948","post","type-post","status-publish","format-standard","has-post-thumbnail","hentry","category-blog"],"yoast_head":"<!-- This site is optimized with the Yoast SEO plugin v26.4 - https:\/\/yoast.com\/wordpress\/plugins\/seo\/ -->\n<title>The Great Reset of 2021: post-pandemic period - Swtrip<\/title>\n<meta name=\"robots\" content=\"index, follow, max-snippet:-1, max-image-preview:large, max-video-preview:-1\" \/>\n<link rel=\"canonical\" href=\"https:\/\/swiss-trip.ch\/de\/the-great-reset-of-2021-post-pandemic-period\/\" \/>\n<meta property=\"og:locale\" content=\"de_DE\" \/>\n<meta property=\"og:type\" content=\"article\" \/>\n<meta property=\"og:title\" content=\"The Great Reset of 2021: post-pandemic period - Swtrip\" \/>\n<meta property=\"og:description\" content=\"From 18 to 21 May 2021, a revolutionary summit in a brand-new format about \u00abThe Great Reset\u00bb will take place in B\u00fcrgenstock on Lake Lucerne.\u00a0It is expected that a lot of young people will participate in the 51st World Economic Forum owing to the virtual means of communicationduring the webcasts. The summit will connect the [&hellip;]\" \/>\n<meta property=\"og:url\" content=\"https:\/\/swiss-trip.ch\/de\/the-great-reset-of-2021-post-pandemic-period\/\" \/>\n<meta property=\"og:site_name\" content=\"Swtrip\" \/>\n<meta property=\"article:published_time\" content=\"2024-11-13T13:55:09+00:00\" \/>\n<meta property=\"article:modified_time\" content=\"2024-11-13T14:03:35+00:00\" \/>\n<meta property=\"og:image\" content=\"https:\/\/swiss-trip.ch\/wp-content\/uploads\/2024\/11\/b932a9b2efd37983019f8c1fb931cbba-jpg.avif\" \/>\n\t<meta property=\"og:image:width\" content=\"717\" \/>\n\t<meta property=\"og:image:height\" content=\"478\" \/>\n\t<meta property=\"og:image:type\" content=\"image\/jpeg\" \/>\n<meta name=\"author\" content=\"webposeidon50\" \/>\n<meta name=\"twitter:card\" content=\"summary_large_image\" \/>\n<meta name=\"twitter:label1\" content=\"Geschrieben von\" \/>\n\t<meta name=\"twitter:data1\" content=\"webposeidon50\" \/>\n\t<meta name=\"twitter:label2\" content=\"Gesch\u00e4tzte Lesezeit\" \/>\n\t<meta name=\"twitter:data2\" content=\"8\u00a0Minuten\" \/>\n<script type=\"application\/ld+json\" class=\"yoast-schema-graph\">{\"@context\":\"https:\/\/schema.org\",\"@graph\":[{\"@type\":\"Article\",\"@id\":\"https:\/\/swiss-trip.ch\/the-great-reset-of-2021-post-pandemic-period\/#article\",\"isPartOf\":{\"@id\":\"https:\/\/swiss-trip.ch\/the-great-reset-of-2021-post-pandemic-period\/\"},\"author\":{\"name\":\"webposeidon50\",\"@id\":\"https:\/\/swiss-trip.ch\/en\/#\/schema\/person\/ddf8cc07848b04eb3803b76feb9bb6aa\"},\"headline\":\"The Great Reset of 2021: post-pandemic period\",\"datePublished\":\"2024-11-13T13:55:09+00:00\",\"dateModified\":\"2024-11-13T14:03:35+00:00\",\"mainEntityOfPage\":{\"@id\":\"https:\/\/swiss-trip.ch\/the-great-reset-of-2021-post-pandemic-period\/\"},\"wordCount\":1659,\"commentCount\":0,\"publisher\":{\"@id\":\"https:\/\/swiss-trip.ch\/en\/#organization\"},\"image\":{\"@id\":\"https:\/\/swiss-trip.ch\/the-great-reset-of-2021-post-pandemic-period\/#primaryimage\"},\"thumbnailUrl\":\"https:\/\/swiss-trip.ch\/wp-content\/uploads\/2024\/11\/b932a9b2efd37983019f8c1fb931cbba-jpg.avif\",\"articleSection\":[\"Blog\"],\"inLanguage\":\"de-CH\",\"potentialAction\":[{\"@type\":\"CommentAction\",\"name\":\"Comment\",\"target\":[\"https:\/\/swiss-trip.ch\/the-great-reset-of-2021-post-pandemic-period\/#respond\"]}]},{\"@type\":\"WebPage\",\"@id\":\"https:\/\/swiss-trip.ch\/the-great-reset-of-2021-post-pandemic-period\/\",\"url\":\"https:\/\/swiss-trip.ch\/the-great-reset-of-2021-post-pandemic-period\/\",\"name\":\"The Great Reset of 2021: post-pandemic period - Swtrip\",\"isPartOf\":{\"@id\":\"https:\/\/swiss-trip.ch\/en\/#website\"},\"primaryImageOfPage\":{\"@id\":\"https:\/\/swiss-trip.ch\/the-great-reset-of-2021-post-pandemic-period\/#primaryimage\"},\"image\":{\"@id\":\"https:\/\/swiss-trip.ch\/the-great-reset-of-2021-post-pandemic-period\/#primaryimage\"},\"thumbnailUrl\":\"https:\/\/swiss-trip.ch\/wp-content\/uploads\/2024\/11\/b932a9b2efd37983019f8c1fb931cbba-jpg.avif\",\"datePublished\":\"2024-11-13T13:55:09+00:00\",\"dateModified\":\"2024-11-13T14:03:35+00:00\",\"breadcrumb\":{\"@id\":\"https:\/\/swiss-trip.ch\/the-great-reset-of-2021-post-pandemic-period\/#breadcrumb\"},\"inLanguage\":\"de-CH\",\"potentialAction\":[{\"@type\":\"ReadAction\",\"target\":[\"https:\/\/swiss-trip.ch\/the-great-reset-of-2021-post-pandemic-period\/\"]}]},{\"@type\":\"ImageObject\",\"inLanguage\":\"de-CH\",\"@id\":\"https:\/\/swiss-trip.ch\/the-great-reset-of-2021-post-pandemic-period\/#primaryimage\",\"url\":\"https:\/\/swiss-trip.ch\/wp-content\/uploads\/2024\/11\/b932a9b2efd37983019f8c1fb931cbba-jpg.avif\",\"contentUrl\":\"https:\/\/swiss-trip.ch\/wp-content\/uploads\/2024\/11\/b932a9b2efd37983019f8c1fb931cbba-jpg.avif\",\"width\":717,\"height\":478},{\"@type\":\"BreadcrumbList\",\"@id\":\"https:\/\/swiss-trip.ch\/the-great-reset-of-2021-post-pandemic-period\/#breadcrumb\",\"itemListElement\":[{\"@type\":\"ListItem\",\"position\":1,\"name\":\"Home\",\"item\":\"https:\/\/swiss-trip.ch\/\"},{\"@type\":\"ListItem\",\"position\":2,\"name\":\"The Great Reset of 2021: post-pandemic period\"}]},{\"@type\":\"WebSite\",\"@id\":\"https:\/\/swiss-trip.ch\/en\/#website\",\"url\":\"https:\/\/swiss-trip.ch\/en\/\",\"name\":\"Swiss-Trip\",\"description\":\"\",\"publisher\":{\"@id\":\"https:\/\/swiss-trip.ch\/en\/#organization\"},\"potentialAction\":[{\"@type\":\"SearchAction\",\"target\":{\"@type\":\"EntryPoint\",\"urlTemplate\":\"https:\/\/swiss-trip.ch\/en\/?s={search_term_string}\"},\"query-input\":{\"@type\":\"PropertyValueSpecification\",\"valueRequired\":true,\"valueName\":\"search_term_string\"}}],\"inLanguage\":\"de-CH\"},{\"@type\":\"Organization\",\"@id\":\"https:\/\/swiss-trip.ch\/en\/#organization\",\"name\":\"Swiss-Trip\",\"url\":\"https:\/\/swiss-trip.ch\/en\/\",\"logo\":{\"@type\":\"ImageObject\",\"inLanguage\":\"de-CH\",\"@id\":\"https:\/\/swiss-trip.ch\/en\/#\/schema\/logo\/image\/\",\"url\":\"https:\/\/swiss-trip.ch\/wp-content\/uploads\/2024\/11\/cropped-logowhite.png\",\"contentUrl\":\"https:\/\/swiss-trip.ch\/wp-content\/uploads\/2024\/11\/cropped-logowhite.png\",\"width\":512,\"height\":512,\"caption\":\"Swiss-Trip\"},\"image\":{\"@id\":\"https:\/\/swiss-trip.ch\/en\/#\/schema\/logo\/image\/\"}},{\"@type\":\"Person\",\"@id\":\"https:\/\/swiss-trip.ch\/en\/#\/schema\/person\/ddf8cc07848b04eb3803b76feb9bb6aa\",\"name\":\"webposeidon50\",\"image\":{\"@type\":\"ImageObject\",\"inLanguage\":\"de-CH\",\"@id\":\"https:\/\/swiss-trip.ch\/en\/#\/schema\/person\/image\/\",\"url\":\"https:\/\/secure.gravatar.com\/avatar\/b9d28bfba9c74afc3b521e14f3b87ee72880f28ad64065c9e4da6dc0f53991a5?s=96&d=mm&r=g\",\"contentUrl\":\"https:\/\/secure.gravatar.com\/avatar\/b9d28bfba9c74afc3b521e14f3b87ee72880f28ad64065c9e4da6dc0f53991a5?s=96&d=mm&r=g\",\"caption\":\"webposeidon50\"},\"sameAs\":[\"https:\/\/agensium.com\"],\"url\":\"https:\/\/swiss-trip.ch\/de\/author\/webposeidon50\/\"}]}<\/script>\n<!-- \/ Yoast SEO plugin. -->","yoast_head_json":{"title":"The Great Reset of 2021: post-pandemic period - Swtrip","robots":{"index":"index","follow":"follow","max-snippet":"max-snippet:-1","max-image-preview":"max-image-preview:large","max-video-preview":"max-video-preview:-1"},"canonical":"https:\/\/swiss-trip.ch\/de\/the-great-reset-of-2021-post-pandemic-period\/","og_locale":"de_DE","og_type":"article","og_title":"The Great Reset of 2021: post-pandemic period - Swtrip","og_description":"From 18 to 21 May 2021, a revolutionary summit in a brand-new format about \u00abThe Great Reset\u00bb will take place in B\u00fcrgenstock on Lake Lucerne.\u00a0It is expected that a lot of young people will participate in the 51st World Economic Forum owing to the virtual means of communicationduring the webcasts. The summit will connect the [&hellip;]","og_url":"https:\/\/swiss-trip.ch\/de\/the-great-reset-of-2021-post-pandemic-period\/","og_site_name":"Swtrip","article_published_time":"2024-11-13T13:55:09+00:00","article_modified_time":"2024-11-13T14:03:35+00:00","og_image":[{"width":717,"height":478,"url":"https:\/\/swiss-trip.ch\/wp-content\/uploads\/2024\/11\/b932a9b2efd37983019f8c1fb931cbba-jpg.avif","type":"image\/jpeg"}],"author":"webposeidon50","twitter_card":"summary_large_image","twitter_misc":{"Geschrieben von":"webposeidon50","Gesch\u00e4tzte Lesezeit":"8\u00a0Minuten"},"schema":{"@context":"https:\/\/schema.org","@graph":[{"@type":"Article","@id":"https:\/\/swiss-trip.ch\/the-great-reset-of-2021-post-pandemic-period\/#article","isPartOf":{"@id":"https:\/\/swiss-trip.ch\/the-great-reset-of-2021-post-pandemic-period\/"},"author":{"name":"webposeidon50","@id":"https:\/\/swiss-trip.ch\/en\/#\/schema\/person\/ddf8cc07848b04eb3803b76feb9bb6aa"},"headline":"The Great Reset of 2021: post-pandemic period","datePublished":"2024-11-13T13:55:09+00:00","dateModified":"2024-11-13T14:03:35+00:00","mainEntityOfPage":{"@id":"https:\/\/swiss-trip.ch\/the-great-reset-of-2021-post-pandemic-period\/"},"wordCount":1659,"commentCount":0,"publisher":{"@id":"https:\/\/swiss-trip.ch\/en\/#organization"},"image":{"@id":"https:\/\/swiss-trip.ch\/the-great-reset-of-2021-post-pandemic-period\/#primaryimage"},"thumbnailUrl":"https:\/\/swiss-trip.ch\/wp-content\/uploads\/2024\/11\/b932a9b2efd37983019f8c1fb931cbba-jpg.avif","articleSection":["Blog"],"inLanguage":"de-CH","potentialAction":[{"@type":"CommentAction","name":"Comment","target":["https:\/\/swiss-trip.ch\/the-great-reset-of-2021-post-pandemic-period\/#respond"]}]},{"@type":"WebPage","@id":"https:\/\/swiss-trip.ch\/the-great-reset-of-2021-post-pandemic-period\/","url":"https:\/\/swiss-trip.ch\/the-great-reset-of-2021-post-pandemic-period\/","name":"The Great Reset of 2021: post-pandemic period - Swtrip","isPartOf":{"@id":"https:\/\/swiss-trip.ch\/en\/#website"},"primaryImageOfPage":{"@id":"https:\/\/swiss-trip.ch\/the-great-reset-of-2021-post-pandemic-period\/#primaryimage"},"image":{"@id":"https:\/\/swiss-trip.ch\/the-great-reset-of-2021-post-pandemic-period\/#primaryimage"},"thumbnailUrl":"https:\/\/swiss-trip.ch\/wp-content\/uploads\/2024\/11\/b932a9b2efd37983019f8c1fb931cbba-jpg.avif","datePublished":"2024-11-13T13:55:09+00:00","dateModified":"2024-11-13T14:03:35+00:00","breadcrumb":{"@id":"https:\/\/swiss-trip.ch\/the-great-reset-of-2021-post-pandemic-period\/#breadcrumb"},"inLanguage":"de-CH","potentialAction":[{"@type":"ReadAction","target":["https:\/\/swiss-trip.ch\/the-great-reset-of-2021-post-pandemic-period\/"]}]},{"@type":"ImageObject","inLanguage":"de-CH","@id":"https:\/\/swiss-trip.ch\/the-great-reset-of-2021-post-pandemic-period\/#primaryimage","url":"https:\/\/swiss-trip.ch\/wp-content\/uploads\/2024\/11\/b932a9b2efd37983019f8c1fb931cbba-jpg.avif","contentUrl":"https:\/\/swiss-trip.ch\/wp-content\/uploads\/2024\/11\/b932a9b2efd37983019f8c1fb931cbba-jpg.avif","width":717,"height":478},{"@type":"BreadcrumbList","@id":"https:\/\/swiss-trip.ch\/the-great-reset-of-2021-post-pandemic-period\/#breadcrumb","itemListElement":[{"@type":"ListItem","position":1,"name":"Home","item":"https:\/\/swiss-trip.ch\/"},{"@type":"ListItem","position":2,"name":"The Great Reset of 2021: post-pandemic period"}]},{"@type":"WebSite","@id":"https:\/\/swiss-trip.ch\/en\/#website","url":"https:\/\/swiss-trip.ch\/en\/","name":"Swiss-Trip","description":"","publisher":{"@id":"https:\/\/swiss-trip.ch\/en\/#organization"},"potentialAction":[{"@type":"SearchAction","target":{"@type":"EntryPoint","urlTemplate":"https:\/\/swiss-trip.ch\/en\/?s={search_term_string}"},"query-input":{"@type":"PropertyValueSpecification","valueRequired":true,"valueName":"search_term_string"}}],"inLanguage":"de-CH"},{"@type":"Organization","@id":"https:\/\/swiss-trip.ch\/en\/#organization","name":"Swiss-Trip","url":"https:\/\/swiss-trip.ch\/en\/","logo":{"@type":"ImageObject","inLanguage":"de-CH","@id":"https:\/\/swiss-trip.ch\/en\/#\/schema\/logo\/image\/","url":"https:\/\/swiss-trip.ch\/wp-content\/uploads\/2024\/11\/cropped-logowhite.png","contentUrl":"https:\/\/swiss-trip.ch\/wp-content\/uploads\/2024\/11\/cropped-logowhite.png","width":512,"height":512,"caption":"Swiss-Trip"},"image":{"@id":"https:\/\/swiss-trip.ch\/en\/#\/schema\/logo\/image\/"}},{"@type":"Person","@id":"https:\/\/swiss-trip.ch\/en\/#\/schema\/person\/ddf8cc07848b04eb3803b76feb9bb6aa","name":"webposeidon50","image":{"@type":"ImageObject","inLanguage":"de-CH","@id":"https:\/\/swiss-trip.ch\/en\/#\/schema\/person\/image\/","url":"https:\/\/secure.gravatar.com\/avatar\/b9d28bfba9c74afc3b521e14f3b87ee72880f28ad64065c9e4da6dc0f53991a5?s=96&d=mm&r=g","contentUrl":"https:\/\/secure.gravatar.com\/avatar\/b9d28bfba9c74afc3b521e14f3b87ee72880f28ad64065c9e4da6dc0f53991a5?s=96&d=mm&r=g","caption":"webposeidon50"},"sameAs":["https:\/\/agensium.com"],"url":"https:\/\/swiss-trip.ch\/de\/author\/webposeidon50\/"}]}},"_links":{"self":[{"href":"https:\/\/swiss-trip.ch\/de\/wp-json\/wp\/v2\/posts\/948","targetHints":{"allow":["GET"]}}],"collection":[{"href":"https:\/\/swiss-trip.ch\/de\/wp-json\/wp\/v2\/posts"}],"about":[{"href":"https:\/\/swiss-trip.ch\/de\/wp-json\/wp\/v2\/types\/post"}],"author":[{"embeddable":true,"href":"https:\/\/swiss-trip.ch\/de\/wp-json\/wp\/v2\/users\/1"}],"replies":[{"embeddable":true,"href":"https:\/\/swiss-trip.ch\/de\/wp-json\/wp\/v2\/comments?post=948"}],"version-history":[{"count":2,"href":"https:\/\/swiss-trip.ch\/de\/wp-json\/wp\/v2\/posts\/948\/revisions"}],"predecessor-version":[{"id":951,"href":"https:\/\/swiss-trip.ch\/de\/wp-json\/wp\/v2\/posts\/948\/revisions\/951"}],"wp:featuredmedia":[{"embeddable":true,"href":"https:\/\/swiss-trip.ch\/de\/wp-json\/wp\/v2\/media\/949"}],"wp:attachment":[{"href":"https:\/\/swiss-trip.ch\/de\/wp-json\/wp\/v2\/media?parent=948"}],"wp:term":[{"taxonomy":"category","embeddable":true,"href":"https:\/\/swiss-trip.ch\/de\/wp-json\/wp\/v2\/categories?post=948"},{"taxonomy":"post_tag","embeddable":true,"href":"https:\/\/swiss-trip.ch\/de\/wp-json\/wp\/v2\/tags?post=948"}],"curies":[{"name":"wp","href":"https:\/\/api.w.org\/{rel}","templated":true}]}}